{"id":1037,"date":"2016-04-02T17:51:53","date_gmt":"2016-04-02T16:51:53","guid":{"rendered":"http:\/\/aia-cts.web.ua.pt\/?p=1037"},"modified":"2021-03-29T14:51:49","modified_gmt":"2021-03-29T13:51:49","slug":"presidente-da-aia-cts-entre-as-cientistas-portuguesas-homenageadas-pela-ciencia-viva","status":"publish","type":"post","link":"http:\/\/aia-cts.web.ua.pt\/?p=1037","title":{"rendered":"[:pt]Presidente da AIA-CTS entre as cientistas portuguesas homenageadas pela Ci\u00eancia Viva[:]"},"content":{"rendered":"<p>[:pt]Rui Marques Vieira<\/p>\n<p>Ana Valente Rodrigues<\/p>\n<p>\u00c9 com muita satisfa\u00e7\u00e3o que vemos a nossa Presidente da AIA-CTS \u2013 Professora Isabel P. Martins, como uma das mulheres cientistas\u00a0de refer\u00eancia em Portugal. Tal ocorreu no dia 8 de mar\u00e7o, Dia Internacional da Mulher, no qual a Ci\u00eancia Viva lan\u00e7ou o livro &#8220;Mulheres na Ci\u00eancia&#8221;, inspirado na exposi\u00e7\u00e3o de retratos com o mesmo nome, patente no Pavilh\u00e3o do Conhecimento em Lisboa desde mar\u00e7o de 2015, e que pretende prestar uma homenagem a cerca de 100 mulheres cientistas que, em Portugal, t\u00eam oferecido um contributo fundamental para o progresso e para a reputa\u00e7\u00e3o internacional da ci\u00eancia e tecnologia nacionais.<\/p>\n<p>Em Portugal, as mulheres representam 46% dos investigadores, existindo ainda algum caminho a percorrer para que o talento de todas as jovens portuguesas que aspiram a dedicar-se profissionalmente a estas \u00e1reas possa ser aproveitado e premiado.<\/p>\n<p>Sobre esta distin\u00e7\u00e3o, a homenageada referiu:\u00a0&#8220;Aceitei com muito gosto sobretudo pelo significado de a Educa\u00e7\u00e3o ser, assim, considerada uma \u00e1rea cient\u00edfica a par das \u2018Ci\u00eancias duras\u2019 &#8220;.<\/p>\n<p>Isabel P. Martins \u00e9 Professora catedr\u00e1tica aposentada do <a href=\"http:\/\/www.ua.pt\/dep\/\">Departamento de Educa\u00e7\u00e3o e Psicologia da UA<\/a>. \u00c9 licenciada em Qu\u00edmica pela Universidade de Coimbra, doutora em Ci\u00eancias da Educa\u00e7\u00e3o\/ Did\u00e1tica das Ci\u00eancias pela UA, onde ingressou em 1981 e onde desenvolveu e coordenou projetos de investiga\u00e7\u00e3o na \u00e1rea da did\u00e1tica das ci\u00eancias, forma\u00e7\u00e3o de professores e compreens\u00e3o p\u00fablica da ci\u00eancia. Durante a sua carreira assumiu responsabilidades a v\u00e1rios n\u00edveis, tais como coordena\u00e7\u00e3o pedag\u00f3gica de cursos de licenciatura e de mestrado, e coordena\u00e7\u00e3o do Centro de Investiga\u00e7\u00e3o Did\u00e1tica e Tecnologia na Forma\u00e7\u00e3o de Formadores. Foi vice-reitora para a P\u00f3s-Gradua\u00e7\u00e3o e Assuntos Cient\u00edficos da UA entre 2004 e 2010, tendo acompanhado a implementa\u00e7\u00e3o da Declara\u00e7\u00e3o de Bolonha na UA. Teve uma forte interven\u00e7\u00e3o como investigadora e docente na implementa\u00e7\u00e3o em Portugal da forma\u00e7\u00e3o inicial para a doc\u00eancia no ensino secund\u00e1rio e da forma\u00e7\u00e3o p\u00f3s-graduada para professores, incluindo a Educa\u00e7\u00e3o em Ci\u00eancias para professores do 1.\u00ba Ciclo do Ensino B\u00e1sico. Nos anos mais recentes coordenou uma equipa multidisciplinar de professores e investigadores que elaborou o plano curricular, programas de 14 disciplinas do 10.\u00ba, 11.\u00ba e 12.\u00ba anos de escolaridade, respetivos manuais para alunos e guias de professor, no \u00e2mbito da \u201cReestrutura\u00e7\u00e3o Curricular do Ensino Secund\u00e1rio Geral em Timor-Leste\u201d (<a href=\"http:\/\/www.ua.pt\/esgtimor\/\">http:\/\/www.ua.pt\/esgtimor\/<\/a>).<\/p>\n<p>&nbsp;<\/p>\n<p>Aproveitamos para enviar os nossos parab\u00e9ns pelo reconhecimento do seu trabalho e pelos seus importantes contributos, ao longo dos anos, incluindo a presid\u00eancia da nossa Associa\u00e7\u00e3o Ibero-Americana CTS na Educa\u00e7\u00e3o em Ci\u00eancia.<\/p>\n<p>Mais informa\u00e7\u00f5es podem ser consultadas em:<\/p>\n<p><a href=\"http:\/\/www.cienciaviva.pt\/mulheresnaciencia\/index.asp?id=243\">http:\/\/www.cienciaviva.pt\/mulheresnaciencia\/index.asp?id=243<\/a><\/p>\n<p><a href=\"http:\/\/www.cienciaviva.pt\/mulheresnaciencia\/index.asp\">http:\/\/www.cienciaviva.pt\/mulheresnaciencia\/index.asp<\/a><\/p>\n<p><a href=\"https:\/\/uaonline.ua.pt\/pub\/detail.asp?c=45545&amp;lg=pt\">https:\/\/uaonline.ua.pt\/pub\/detail.asp?c=45545&amp;lg=pt<\/a>[:]<\/p>\n","protected":false},"excerpt":{"rendered":"<p>[:pt]Rui Marques Vieira Ana Valente Rodrigues \u00c9 com muita satisfa\u00e7\u00e3o que vemos a nossa Presidente da AIA-CTS \u2013 Professora Isabel P. Martins, como uma das mulheres cientistas\u00a0de refer\u00eancia em Portugal. Tal ocorreu no dia 8 de mar\u00e7o, Dia Internacional da&hellip; <\/p>\n","protected":false},"author":1,"featured_media":0,"comment_status":"open","ping_status":"open","sticky":false,"template":"","format":"standard","meta":{"footnotes":""},"categories":[2,1],"tags":[],"class_list":["post-1037","post","type-post","status-publish","format-standard","hentry","category-aia-cts","category-uncategorized"],"_links":{"self":[{"href":"http:\/\/aia-cts.web.ua.pt\/index.php?rest_route=\/wp\/v2\/posts\/1037","targetHints":{"allow":["GET"]}}],"collection":[{"href":"http:\/\/aia-cts.web.ua.pt\/index.php?rest_route=\/wp\/v2\/posts"}],"about":[{"href":"http:\/\/aia-cts.web.ua.pt\/index.php?rest_route=\/wp\/v2\/types\/post"}],"author":[{"embeddable":true,"href":"http:\/\/aia-cts.web.ua.pt\/index.php?rest_route=\/wp\/v2\/users\/1"}],"replies":[{"embeddable":true,"href":"http:\/\/aia-cts.web.ua.pt\/index.php?rest_route=%2Fwp%2Fv2%2Fcomments&post=1037"}],"version-history":[{"count":1,"href":"http:\/\/aia-cts.web.ua.pt\/index.php?rest_route=\/wp\/v2\/posts\/1037\/revisions"}],"predecessor-version":[{"id":1038,"href":"http:\/\/aia-cts.web.ua.pt\/index.php?rest_route=\/wp\/v2\/posts\/1037\/revisions\/1038"}],"wp:attachment":[{"href":"http:\/\/aia-cts.web.ua.pt\/index.php?rest_route=%2Fwp%2Fv2%2Fmedia&parent=1037"}],"wp:term":[{"taxonomy":"category","embeddable":true,"href":"http:\/\/aia-cts.web.ua.pt\/index.php?rest_route=%2Fwp%2Fv2%2Fcategories&post=1037"},{"taxonomy":"post_tag","embeddable":true,"href":"http:\/\/aia-cts.web.ua.pt\/index.php?rest_route=%2Fwp%2Fv2%2Ftags&post=1037"}],"curies":[{"name":"wp","href":"https:\/\/api.w.org\/{rel}","templated":true}]}}