{"id":1039,"date":"2016-04-02T17:55:41","date_gmt":"2016-04-02T16:55:41","guid":{"rendered":"http:\/\/aia-cts.web.ua.pt\/?p=1039"},"modified":"2021-03-29T14:51:37","modified_gmt":"2021-03-29T13:51:37","slug":"associacao-portuguesa-de-educacao-em-ciencias-apeduc-httpapeduc-ipcb-pt","status":"publish","type":"post","link":"http:\/\/aia-cts.web.ua.pt\/?p=1039","title":{"rendered":"[:pt]Associa\u00e7\u00e3o Portuguesa de Educa\u00e7\u00e3o em Ci\u00eancias (APEduC)\u00a0(http:\/\/apeduc.ipcb.pt\/)[:]"},"content":{"rendered":"<p>[:pt]&nbsp;<\/p>\n<p><strong>A vontade e o encontro dos professores e dos investigadores para o desenvolvimento da educa\u00e7\u00e3o e do ensino das ci\u00eancias em Portugal<\/strong><\/p>\n<p>F\u00e1tima Paix\u00e3o<\/p>\n<p>Instituto Polit\u00e9cnico de Castelo Branco e Centro de Investiga\u00e7\u00e3o Did\u00e1tica e Tecnologia na Forma\u00e7\u00e3o de Formadores, Universidade de Aveiro<\/p>\n<p>Criada em 28 de agosto de 2015, a Associa\u00e7\u00e3o Portuguesa de Educa\u00e7\u00e3o em Ci\u00eancias (APEduC) \u00e9 a primeira associa\u00e7\u00e3o, abrangendo todo o territ\u00f3rio nacional, com potencialidade de agregar todos os que desenvolvem atividade na \u00e1rea da Educa\u00e7\u00e3o em Ci\u00eancias (qu\u00edmica, f\u00edsica, geologia, biologia, geografia, matem\u00e1tica, ci\u00eancias para os primeiros anos\u2026). Nasceu da vontade dos investigadores e professores que, de dois em dois anos, desde 1987, se v\u00eam reunindo no Encontro Nacional de Educa\u00e7\u00e3o em Ci\u00eancias (ENEC).<\/p>\n<p>Ciente dos m\u00faltiplos desafios que se colocam \u00e0 educa\u00e7\u00e3o em ci\u00eancias e do papel primordial que esta det\u00e9m na constru\u00e7\u00e3o da cidadania ativa e respons\u00e1vel, num tempo definido por uma cultura de base tecnocient\u00edfica, a Associa\u00e7\u00e3o Portuguesa de Educa\u00e7\u00e3o em Ci\u00eancias assume a miss\u00e3o de dinamizadora de processos que agreguem e desenvolvam a comunidade de educa\u00e7\u00e3o em ci\u00eancias e de interventora nas decis\u00f5es sobre pol\u00edticas educativas que interfiram na educa\u00e7\u00e3o global das crian\u00e7as e dos jovens bem como na forma\u00e7\u00e3o dos profissionais que se identifiquem com a educa\u00e7\u00e3o e o ensino das ci\u00eancias em Portugal.<\/p>\n<p>A APEduC pretende colaborar com outras associa\u00e7\u00f5es ou organismos, p\u00fablicos ou privados, nacionais ou estrangeiros, que persigam objetivos afins, particularmente com as dos pa\u00edses lus\u00f3fonos e ibero-americanos. De acordo com os seus Estatutos admite como associados todos os educadores, professores e investigadores com interesse na \u00e1rea da educa\u00e7\u00e3o em ci\u00eancias ou \u00e1reas conexas, de acordo com os objetivos enunciados nos Estatutos.<\/p>\n<p>At\u00e9 \u00e0 elei\u00e7\u00e3o dos primeiros corpos sociais, o que ocorrer\u00e1 no ENEC, em 2017, no Instituto Polit\u00e9cnico de Viana do Castelo, a comiss\u00e3o instaladora \u00e9 assumida por F\u00e1tima Paix\u00e3o (Instituto Polit\u00e9cnico de Castelo Branco), Cec\u00edlia Galv\u00e3o (Universidade de Lisboa) e Laurinda Leite (Universidade do Minho).<\/p>\n<p>A sede da Associa\u00e7\u00e3o situa-se na Escola Superior de Educa\u00e7\u00e3o do Instituto Polit\u00e9cnico de Castelo Branco e a Associa\u00e7\u00e3o pode ser visitada no endere\u00e7o <a href=\"http:\/\/apeduc.ipcb.pt\/\">http:\/\/apeduc.ipcb.pt\/\/<\/a><\/p>\n<p>Para inscri\u00e7\u00e3o consultar <a href=\"http:\/\/apeduc.ipcb.pt\/Socio.html\">http:\/\/apeduc.ipcb.pt\/Socio.html<\/a>[:]<\/p>\n","protected":false},"excerpt":{"rendered":"<p>[:pt]&nbsp; A vontade e o encontro dos professores e dos investigadores para o desenvolvimento da educa\u00e7\u00e3o e do ensino das ci\u00eancias em Portugal F\u00e1tima Paix\u00e3o Instituto Polit\u00e9cnico de Castelo Branco e Centro de Investiga\u00e7\u00e3o Did\u00e1tica e Tecnologia na Forma\u00e7\u00e3o de&hellip; <\/p>\n","protected":false},"author":1,"featured_media":0,"comment_status":"open","ping_status":"open","sticky":false,"template":"","format":"standard","meta":{"footnotes":""},"categories":[2,1],"tags":[],"class_list":["post-1039","post","type-post","status-publish","format-standard","hentry","category-aia-cts","category-uncategorized"],"_links":{"self":[{"href":"http:\/\/aia-cts.web.ua.pt\/index.php?rest_route=\/wp\/v2\/posts\/1039","targetHints":{"allow":["GET"]}}],"collection":[{"href":"http:\/\/aia-cts.web.ua.pt\/index.php?rest_route=\/wp\/v2\/posts"}],"about":[{"href":"http:\/\/aia-cts.web.ua.pt\/index.php?rest_route=\/wp\/v2\/types\/post"}],"author":[{"embeddable":true,"href":"http:\/\/aia-cts.web.ua.pt\/index.php?rest_route=\/wp\/v2\/users\/1"}],"replies":[{"embeddable":true,"href":"http:\/\/aia-cts.web.ua.pt\/index.php?rest_route=%2Fwp%2Fv2%2Fcomments&post=1039"}],"version-history":[{"count":1,"href":"http:\/\/aia-cts.web.ua.pt\/index.php?rest_route=\/wp\/v2\/posts\/1039\/revisions"}],"predecessor-version":[{"id":1040,"href":"http:\/\/aia-cts.web.ua.pt\/index.php?rest_route=\/wp\/v2\/posts\/1039\/revisions\/1040"}],"wp:attachment":[{"href":"http:\/\/aia-cts.web.ua.pt\/index.php?rest_route=%2Fwp%2Fv2%2Fmedia&parent=1039"}],"wp:term":[{"taxonomy":"category","embeddable":true,"href":"http:\/\/aia-cts.web.ua.pt\/index.php?rest_route=%2Fwp%2Fv2%2Fcategories&post=1039"},{"taxonomy":"post_tag","embeddable":true,"href":"http:\/\/aia-cts.web.ua.pt\/index.php?rest_route=%2Fwp%2Fv2%2Ftags&post=1039"}],"curies":[{"name":"wp","href":"https:\/\/api.w.org\/{rel}","templated":true}]}}