{"id":1909,"date":"2018-06-05T09:46:45","date_gmt":"2018-06-05T08:46:45","guid":{"rendered":"http:\/\/aia-cts.web.ua.pt\/?p=1909"},"modified":"2021-03-29T14:49:29","modified_gmt":"2021-03-29T13:49:29","slug":"terceira-comunicacao-xiii-jornadas-nacionales-viii-congreso-internacional-de-ensenanza-de-la-biologia-vi-seminario-iberoamericano-cts-y-x-seminario-cts","status":"publish","type":"post","link":"http:\/\/aia-cts.web.ua.pt\/?p=1909","title":{"rendered":"[:pt]Terceira Comunica\u00e7\u00e3o:  XIII Jornadas Nacionales \u2013 VIII Congreso Internacional de Ense\u00f1anza de la Biolog\u00eda | VI Seminario Iberoamericano CTS y X Seminario CTS[:es]Tercera Comunicaci\u00f3n:  XIII Jornadas Nacionales \u2013 VIII Congreso Internacional de Ense\u00f1anza de la Biolog\u00eda | VI Seminario Iberoamericano CTS y X Seminario CTS[:]"},"content":{"rendered":"<p>[:pt]<a href=\"http:\/\/aia-cts.web.ua.pt\/?attachment_id=1607\" rel=\"attachment wp-att-1607\"><img loading=\"lazy\" decoding=\"async\" class=\"alignnone size-full wp-image-1607\" src=\"http:\/\/aia-cts.web.ua.pt\/wp-content\/uploads\/2017\/12\/banner-evento.jpg\" alt=\"\" width=\"1038\" height=\"460\" srcset=\"http:\/\/aia-cts.web.ua.pt\/wp-content\/uploads\/2017\/12\/banner-evento.jpg 1038w, http:\/\/aia-cts.web.ua.pt\/wp-content\/uploads\/2017\/12\/banner-evento-300x133.jpg 300w, http:\/\/aia-cts.web.ua.pt\/wp-content\/uploads\/2017\/12\/banner-evento-1024x454.jpg 1024w, http:\/\/aia-cts.web.ua.pt\/wp-content\/uploads\/2017\/12\/banner-evento-600x266.jpg 600w\" sizes=\"auto, (max-width: 1038px) 100vw, 1038px\" \/><\/a><\/p>\n<p>&nbsp;<\/p>\n<p><a href=\"http:\/\/aia-cts.web.ua.pt\/wp-content\/uploads\/2018\/06\/TERCERA-COMUNICACION-Congreso-ADBiA-AIA-CTS.pdf\" target=\"_blank\" rel=\"noopener noreferrer\">Terceira Comunica\u00e7\u00e3o \u00bb\u00bb\u00bb<\/a><\/p>\n<p>La Asociaci\u00f3n de Docentes de Ciencias Biol\u00f3gicas de Argentina \u2013ADBiA- y la Asociaci\u00f3n Iberoamericana CTS en la Educaci\u00f3n en Ciencias, convocan a docentes, investigadores y estudiantes, a participar en las XIII Jornadas Nacionales, VIII Congreso Internacional de Ense\u00f1anza de la Biolog\u00eda y el VI Seminario Iberoamericano CTS y X Seminario CTS,a realizarse en la Universidad Nacional de Quilmes (Bernal, Buenos Aires, Argentina), los d\u00edas 1, 2 y 3 de agosto de 2018. Se propone un \u00e1mbito para la reflexi\u00f3n, el an\u00e1lisis y el debate en torno a las tem\u00e1ticas del campo de la educaci\u00f3n cient\u00edfica, como as\u00ed tambi\u00e9n para la exposici\u00f3n de alternativas innovadoras y desarrollos investigativos.<\/p>\n<p>En esta instancia se desarrollar\u00e1n conjuntamente dos eventos de car\u00e1cter internacional: A las Jornadas y Congreso de ADBiA se le suman los correspondientes a la AIA \u2013 CTS, que por primera vez tienen sede en Argentina.<\/p>\n<p>La confluencia de ambos encuentros apunta a que, sin perder la especificidad de cada uno, se produzca un mutuo enriquecimiento a partir de compartir diferentes perspectivas en relaci\u00f3n a la educaci\u00f3n cient\u00edfica y la investigaci\u00f3n asociada a ella. Justamente, dicha confluencia se refleja en los lemas elegidos para los dos eventos, que se centran en el problema de la brecha entre los desarrollos investigativos en el \u00e1rea de la did\u00e1ctica de las ciencias naturales y lo que sucede en las aulas reales de los diferentes niveles educativos.<\/p>\n<p><a href=\"http:\/\/adbiacts.web.unq.edu.ar\/\" target=\"_blank\" rel=\"noopener noreferrer\">http:\/\/adbiacts.web.unq.edu.ar\/<\/a><\/p>\n<p><a href=\"http:\/\/aia-cts.web.ua.pt\/wp-content\/uploads\/2017\/12\/Pasos-para-la-inscripcion.jpg\" target=\"_blank\" rel=\"noopener noreferrer\">pasos para la inscripci\u00f3n<\/a>[:es]<a href=\"http:\/\/aia-cts.web.ua.pt\/?attachment_id=1607\" rel=\"attachment wp-att-1607\"><img loading=\"lazy\" decoding=\"async\" class=\"alignnone size-full wp-image-1607\" src=\"http:\/\/aia-cts.web.ua.pt\/wp-content\/uploads\/2017\/12\/banner-evento.jpg\" alt=\"\" width=\"1038\" height=\"460\" srcset=\"http:\/\/aia-cts.web.ua.pt\/wp-content\/uploads\/2017\/12\/banner-evento.jpg 1038w, http:\/\/aia-cts.web.ua.pt\/wp-content\/uploads\/2017\/12\/banner-evento-300x133.jpg 300w, http:\/\/aia-cts.web.ua.pt\/wp-content\/uploads\/2017\/12\/banner-evento-1024x454.jpg 1024w, http:\/\/aia-cts.web.ua.pt\/wp-content\/uploads\/2017\/12\/banner-evento-600x266.jpg 600w\" sizes=\"auto, (max-width: 1038px) 100vw, 1038px\" \/><\/a><\/p>\n<p>&nbsp;<\/p>\n<p><a href=\"http:\/\/aia-cts.web.ua.pt\/wp-content\/uploads\/2018\/06\/TERCERA-COMUNICACION-Congreso-ADBiA-AIA-CTS.pdf\" target=\"_blank\" rel=\"noopener noreferrer\">Tercera Comunicaci\u00f3n \u00bb\u00bb\u00bb<\/a><\/p>\n<p>La Asociaci\u00f3n de Docentes de Ciencias Biol\u00f3gicas de Argentina \u2013ADBiA- y la Asociaci\u00f3n Iberoamericana CTS en la Educaci\u00f3n en Ciencias, convocan a docentes, investigadores y estudiantes, a participar en las XIII Jornadas Nacionales, VIII Congreso Internacional de Ense\u00f1anza de la Biolog\u00eda y el VI Seminario Iberoamericano CTS y X Seminario CTS,a realizarse en la Universidad Nacional de Quilmes (Bernal, Buenos Aires, Argentina), los d\u00edas 1, 2 y 3 de agosto de 2018. Se propone un \u00e1mbito para la reflexi\u00f3n, el an\u00e1lisis y el debate en torno a las tem\u00e1ticas del campo de la educaci\u00f3n cient\u00edfica, como as\u00ed tambi\u00e9n para la exposici\u00f3n de alternativas innovadoras y desarrollos investigativos.<\/p>\n<p>En esta instancia se desarrollar\u00e1n conjuntamente dos eventos de car\u00e1cter internacional: A las Jornadas y Congreso de ADBiA se le suman los correspondientes a la AIA \u2013 CTS, que por primera vez tienen sede en Argentina.<\/p>\n<p>La confluencia de ambos encuentros apunta a que, sin perder la especificidad de cada uno, se produzca un mutuo enriquecimiento a partir de compartir diferentes perspectivas en relaci\u00f3n a la educaci\u00f3n cient\u00edfica y la investigaci\u00f3n asociada a ella. Justamente, dicha confluencia se refleja en los lemas elegidos para los dos eventos, que se centran en el problema de la brecha entre los desarrollos investigativos en el \u00e1rea de la did\u00e1ctica de las ciencias naturales y lo que sucede en las aulas reales de los diferentes niveles educativos.<\/p>\n<p><a href=\"http:\/\/adbiacts.web.unq.edu.ar\/\" target=\"_blank\" rel=\"noopener noreferrer\">http:\/\/adbiacts.web.unq.edu.ar\/<\/a><\/p>\n<p><a href=\"http:\/\/aia-cts.web.ua.pt\/wp-content\/uploads\/2017\/12\/Pasos-para-la-inscripcion.jpg\" target=\"_blank\" rel=\"noopener noreferrer\">pasos para la inscripci\u00f3n<\/a>[:]<\/p>\n","protected":false},"excerpt":{"rendered":"<p>[:pt] &nbsp; Terceira Comunica\u00e7\u00e3o \u00bb\u00bb\u00bb La Asociaci\u00f3n de Docentes de Ciencias Biol\u00f3gicas de Argentina \u2013ADBiA- y la Asociaci\u00f3n Iberoamericana CTS en la Educaci\u00f3n en Ciencias, convocan a docentes, investigadores y estudiantes, a participar en las XIII Jornadas Nacionales, VIII Congreso&hellip; <\/p>\n","protected":false},"author":1,"featured_media":1607,"comment_status":"open","ping_status":"open","sticky":false,"template":"","format":"standard","meta":{"footnotes":""},"categories":[2,1],"tags":[],"class_list":["post-1909","post","type-post","status-publish","format-standard","has-post-thumbnail","hentry","category-aia-cts","category-uncategorized"],"_links":{"self":[{"href":"http:\/\/aia-cts.web.ua.pt\/index.php?rest_route=\/wp\/v2\/posts\/1909","targetHints":{"allow":["GET"]}}],"collection":[{"href":"http:\/\/aia-cts.web.ua.pt\/index.php?rest_route=\/wp\/v2\/posts"}],"about":[{"href":"http:\/\/aia-cts.web.ua.pt\/index.php?rest_route=\/wp\/v2\/types\/post"}],"author":[{"embeddable":true,"href":"http:\/\/aia-cts.web.ua.pt\/index.php?rest_route=\/wp\/v2\/users\/1"}],"replies":[{"embeddable":true,"href":"http:\/\/aia-cts.web.ua.pt\/index.php?rest_route=%2Fwp%2Fv2%2Fcomments&post=1909"}],"version-history":[{"count":5,"href":"http:\/\/aia-cts.web.ua.pt\/index.php?rest_route=\/wp\/v2\/posts\/1909\/revisions"}],"predecessor-version":[{"id":4813,"href":"http:\/\/aia-cts.web.ua.pt\/index.php?rest_route=\/wp\/v2\/posts\/1909\/revisions\/4813"}],"wp:featuredmedia":[{"embeddable":true,"href":"http:\/\/aia-cts.web.ua.pt\/index.php?rest_route=\/wp\/v2\/media\/1607"}],"wp:attachment":[{"href":"http:\/\/aia-cts.web.ua.pt\/index.php?rest_route=%2Fwp%2Fv2%2Fmedia&parent=1909"}],"wp:term":[{"taxonomy":"category","embeddable":true,"href":"http:\/\/aia-cts.web.ua.pt\/index.php?rest_route=%2Fwp%2Fv2%2Fcategories&post=1909"},{"taxonomy":"post_tag","embeddable":true,"href":"http:\/\/aia-cts.web.ua.pt\/index.php?rest_route=%2Fwp%2Fv2%2Ftags&post=1909"}],"curies":[{"name":"wp","href":"https:\/\/api.w.org\/{rel}","templated":true}]}}