{"id":2664,"date":"2019-07-03T13:03:00","date_gmt":"2019-07-03T12:03:00","guid":{"rendered":"http:\/\/aia-cts.web.ua.pt\/?p=2664"},"modified":"2021-03-29T14:48:39","modified_gmt":"2021-03-29T13:48:39","slug":"cts-vii-siacts-vii-seminario-ibero-americano","status":"publish","type":"post","link":"http:\/\/aia-cts.web.ua.pt\/?p=2664","title":{"rendered":"[:pt]VII SIACTS | VII Semin\u00e1rio Ibero-americano CTS[:es]VII SIACTS | VII Seminario Iberoamericano CTS[:]"},"content":{"rendered":"<p>[:pt]<a href=\"https:\/\/congresos.adeituv.es\/cts2020\/ficha.es.html\" rel=\"attachment wp-att-2667\"><img loading=\"lazy\" decoding=\"async\" class=\"alignnone wp-image-2667 size-full\" src=\"http:\/\/aia-cts.web.ua.pt\/wp-content\/uploads\/2019\/07\/cabecera.png\" alt=\"\" width=\"1058\" height=\"315\" srcset=\"http:\/\/aia-cts.web.ua.pt\/wp-content\/uploads\/2019\/07\/cabecera.png 1058w, http:\/\/aia-cts.web.ua.pt\/wp-content\/uploads\/2019\/07\/cabecera-300x89.png 300w, http:\/\/aia-cts.web.ua.pt\/wp-content\/uploads\/2019\/07\/cabecera-768x229.png 768w, http:\/\/aia-cts.web.ua.pt\/wp-content\/uploads\/2019\/07\/cabecera-1024x305.png 1024w, http:\/\/aia-cts.web.ua.pt\/wp-content\/uploads\/2019\/07\/cabecera-600x179.png 600w\" sizes=\"auto, (max-width: 1058px) 100vw, 1058px\" \/><\/a><\/p>\n<p>&nbsp;<\/p>\n<p>Envio de resumos de trabalhos (comunica\u00e7\u00f5es orais, posters e workshops) at\u00e9 <strong>30 novembro, 2019<\/strong>.\u00a0Inscri\u00e7\u00e3o e envio de contributos: <a href=\"https:\/\/congresos.adeituv.es\/cts2020\/\">https:\/\/congresos.adeituv.es\/cts2020\/<\/a><\/p>\n<p><a href=\"http:\/\/aia-cts.web.ua.pt\/wp-content\/uploads\/2019\/11\/para-publicitar.pdf\" target=\"_blank\" rel=\"noopener noreferrer\">CARTAZ<\/a><\/p>\n<p>De 25 a 27 de junho de 2020 ter\u00e1 lugar na Universidade de Val\u00eancia (Espanha) o <strong><a href=\"https:\/\/congresos.adeituv.es\/cts2020\/ficha.es.html\" target=\"_blank\" rel=\"noopener noreferrer\">VII Semin\u00e1rio Ibero-americano CTS<\/a> (VII SIACTS)<\/strong>. Trata-se de uma nova e muito especial edi\u00e7\u00e3o do Semin\u00e1rio, j\u00e1 que ser\u00e1 celebrado o vig\u00e9simo anivers\u00e1rio desde a primeira edi\u00e7\u00e3o que teve lugar na Universidade de Aveiro (Portugal) em julho do ano 2000.<\/p>\n<p>Com o tema geral escolhido nesta ocasi\u00e3o, &#8220;<strong>Vinte anos de avan\u00e7os e novos desafios na Educa\u00e7\u00e3o CTS para a conquista dos Objetivos de Desenvolvimento Sustent\u00e1vel (ODS)<\/strong>&#8220;, pretende-se abordar desafios urgentes para o ensino das Ci\u00eancias, conduzindo a forma\u00e7\u00e3o de uma cidadania preparada e ativa perante os graves problemas socio-ambientais interconectados aos que enfrentamos.<\/p>\n<p>Este objetivo levar-se-\u00e1 a cabo atrav\u00e9s do debate, da reflex\u00e3o e do avan\u00e7o de propostas de a\u00e7\u00e3o, a partir das contribui\u00e7\u00f5es desenvolvidas pelos participantes nas suas equipas e projetos de investiga\u00e7\u00e3o. O interc\u00e2mbio cient\u00edfico favorecido pela proximidade as l\u00ednguas ibero-americanas, constituir\u00e1 um enriquecimento do Semin\u00e1rio, estabelecido para impulsionar uma Educa\u00e7\u00e3o em Ci\u00eancias de qualidade, orientada para a alfabetiza\u00e7\u00e3o cient\u00edfica cr\u00edtica dos alunos.[:es]<a href=\"https:\/\/congresos.adeituv.es\/cts2020\/ficha.es.html\" target=\"_blank\" rel=\"attachment noopener wp-att-2667 noreferrer\"><img loading=\"lazy\" decoding=\"async\" class=\"alignnone wp-image-2667 size-full\" src=\"http:\/\/aia-cts.web.ua.pt\/wp-content\/uploads\/2019\/07\/cabecera.png\" alt=\"\" width=\"1058\" height=\"315\" srcset=\"http:\/\/aia-cts.web.ua.pt\/wp-content\/uploads\/2019\/07\/cabecera.png 1058w, http:\/\/aia-cts.web.ua.pt\/wp-content\/uploads\/2019\/07\/cabecera-300x89.png 300w, http:\/\/aia-cts.web.ua.pt\/wp-content\/uploads\/2019\/07\/cabecera-768x229.png 768w, http:\/\/aia-cts.web.ua.pt\/wp-content\/uploads\/2019\/07\/cabecera-1024x305.png 1024w, http:\/\/aia-cts.web.ua.pt\/wp-content\/uploads\/2019\/07\/cabecera-600x179.png 600w\" sizes=\"auto, (max-width: 1058px) 100vw, 1058px\" \/><\/a><\/p>\n<p>&nbsp;<\/p>\n<p>Recepci\u00f3n de res\u00famenes de trabajos (Comunicaciones Orales, Comunicaciones P\u00f3ster, Talleres) hasta el <strong>30 de noviembre de 2019.\u00a0<\/strong>Inscripcion y envio de contribuciones: <a href=\"https:\/\/congresos.adeituv.es\/cts2020\/\" target=\"_blank\" rel=\"noopener noreferrer\">https:\/\/congresos.adeituv.es\/cts2020\/<\/a><\/p>\n<p><a href=\"http:\/\/aia-cts.web.ua.pt\/wp-content\/uploads\/2019\/11\/para-publicitar.pdf\" target=\"_blank\" rel=\"noopener noreferrer\">CARTAZ<\/a><\/p>\n<p>Del 25 al 27 de junio de 2020 tendr\u00e1 lugar en la Universitat de Val\u00e8ncia (Espa\u00f1a) el\u00a0<strong><a href=\"https:\/\/congresos.adeituv.es\/cts2020\/ficha.es.html\" target=\"_blank\" rel=\"noopener noreferrer\">VII Seminario Iberoamericano CTS<\/a> (VII SIACTS)<\/strong>. Se trata de una nueva y muy especial edici\u00f3n del Seminario, ya que celebramos el <strong>vig\u00e9simo aniversario<\/strong> desde que, en julio del a\u00f1o 2000, tuvo lugar el primero en la Universidad de Aveiro (Portugal).<\/p>\n<p>Con el tema general escogido en esta ocasi\u00f3n, <strong>Veinte a\u00f1os de avances y nuevos desaf\u00edos en la Educaci\u00f3n CTS para el logro de los Objetivos de Desarrollo Sostenible (ODS)<\/strong>, se pretende abordar retos urgentes para la Ense\u00f1anza de las Ciencias, impulsando la formaci\u00f3n de una ciudadan\u00eda preparada y activa frente a los graves problemas socioambientales interconectados a los que nos enfrentamos.<\/p>\n<p>Este objetivo se llevar\u00e1 a cabo a trav\u00e9s del debate, de la reflexi\u00f3n y avances de propuestas de acci\u00f3n, a partir de las contribuciones desarrolladas por los participantes en sus equipos y proyectos de investigaci\u00f3n. El intercambio cient\u00edfico favorecido por la proximidad de las lenguas iberoamericanas constituir\u00e1 un enriquecimiento del Seminario, establecido para impulsar una Educaci\u00f3n en Ciencias de calidad, orientada hacia la alfabetizaci\u00f3n cient\u00edfica cr\u00edtica del alumnado.[:]<\/p>\n","protected":false},"excerpt":{"rendered":"<p>[:pt] &nbsp; Envio de resumos de trabalhos (comunica\u00e7\u00f5es orais, posters e workshops) at\u00e9 30 novembro, 2019.\u00a0Inscri\u00e7\u00e3o e envio de contributos: https:\/\/congresos.adeituv.es\/cts2020\/ CARTAZ De 25 a 27 de junho de 2020 ter\u00e1 lugar na Universidade de Val\u00eancia (Espanha) o VII Semin\u00e1rio&hellip; <\/p>\n","protected":false},"author":1,"featured_media":2685,"comment_status":"open","ping_status":"open","sticky":false,"template":"","format":"standard","meta":{"footnotes":""},"categories":[2,1],"tags":[],"class_list":["post-2664","post","type-post","status-publish","format-standard","has-post-thumbnail","hentry","category-aia-cts","category-uncategorized"],"_links":{"self":[{"href":"http:\/\/aia-cts.web.ua.pt\/index.php?rest_route=\/wp\/v2\/posts\/2664","targetHints":{"allow":["GET"]}}],"collection":[{"href":"http:\/\/aia-cts.web.ua.pt\/index.php?rest_route=\/wp\/v2\/posts"}],"about":[{"href":"http:\/\/aia-cts.web.ua.pt\/index.php?rest_route=\/wp\/v2\/types\/post"}],"author":[{"embeddable":true,"href":"http:\/\/aia-cts.web.ua.pt\/index.php?rest_route=\/wp\/v2\/users\/1"}],"replies":[{"embeddable":true,"href":"http:\/\/aia-cts.web.ua.pt\/index.php?rest_route=%2Fwp%2Fv2%2Fcomments&post=2664"}],"version-history":[{"count":8,"href":"http:\/\/aia-cts.web.ua.pt\/index.php?rest_route=\/wp\/v2\/posts\/2664\/revisions"}],"predecessor-version":[{"id":4798,"href":"http:\/\/aia-cts.web.ua.pt\/index.php?rest_route=\/wp\/v2\/posts\/2664\/revisions\/4798"}],"wp:featuredmedia":[{"embeddable":true,"href":"http:\/\/aia-cts.web.ua.pt\/index.php?rest_route=\/wp\/v2\/media\/2685"}],"wp:attachment":[{"href":"http:\/\/aia-cts.web.ua.pt\/index.php?rest_route=%2Fwp%2Fv2%2Fmedia&parent=2664"}],"wp:term":[{"taxonomy":"category","embeddable":true,"href":"http:\/\/aia-cts.web.ua.pt\/index.php?rest_route=%2Fwp%2Fv2%2Fcategories&post=2664"},{"taxonomy":"post_tag","embeddable":true,"href":"http:\/\/aia-cts.web.ua.pt\/index.php?rest_route=%2Fwp%2Fv2%2Ftags&post=2664"}],"curies":[{"name":"wp","href":"https:\/\/api.w.org\/{rel}","templated":true}]}}