{"id":308,"date":"2013-09-19T14:33:42","date_gmt":"2013-09-19T13:33:42","guid":{"rendered":"http:\/\/aia-cts.web.ua.pt\/?p=308"},"modified":"2014-10-13T11:24:42","modified_gmt":"2014-10-13T10:24:42","slug":"308","status":"publish","type":"post","link":"http:\/\/aia-cts.web.ua.pt\/?p=308","title":{"rendered":"<!--:pt-->IV Semin\u00e1rio Ibero-Americano CTS, VIII Semin\u00e1rio CTS<!--:--><!--:es-->IV Semin\u00e1rio Ibero-Americano CTS, VIII Semin\u00e1rio CTS<!--:-->"},"content":{"rendered":"<p><!--:pt-->O IV Semin\u00e1rio Ibero-Americano CTS, VIII Semin\u00e1rio CTS, a ser realizado em Bogot\u00e1 (Col\u00f4mbia) de 15 a 17 julho 2014, est\u00e1 organizado com o objetivo de dar continuidade \u00e0s discuss\u00f5es realizadas a cada dois anos, desde o ano 2000, quando ocorreu o I Semin\u00e1rio Ib\u00e9rico CTS em Ensino de Ci\u00eancias em Aveiro (Portugal). Esta oitava vers\u00e3o como Semin\u00e1rio CTS, apresenta um tema fundamental para avan\u00e7ar na melhoria da educa\u00e7\u00e3o em ci\u00eancias nos nossos pa\u00edses: a Forma\u00e7\u00e3o de Professores em Educa\u00e7\u00e3o CTS, que contemple a forma\u00e7\u00e3o inicial e continuada, assim como os estudos de p\u00f3s-gradua\u00e7\u00e3o e a forma\u00e7\u00e3o de professores universit\u00e1rios.<\/p>\n<p>A complexidade das atividades de forma\u00e7\u00e3o e de investiga\u00e7\u00e3o no campo das rela\u00e7\u00f5es entre ci\u00eancia, tecnologia, sociedade, sugerem a necessidade de promover o interc\u00e2mbio cient\u00edfico e criar espa\u00e7os para a socializa\u00e7\u00e3o das inova\u00e7\u00f5es que, no campo da educa\u00e7\u00e3o em ci\u00eancias, permita promover a alfabetiza\u00e7\u00e3o cient\u00edfica e tecnol\u00f3gica para a cidadania.<\/p>\n<p><a href=\"http:\/\/seminarioiberoamericanocts.pedagogica.edu.co\/\">http:\/\/seminarioiberoamericanocts.pedagogica.edu.co\/<\/a><\/p>\n<p><a href=\"http:\/\/http:\/\/aia-cts.web.ua.pt\/wp-content\/uploads\/2013\/09\/seminario_iberoamericano_cts-1.jpg\"><img loading=\"lazy\" decoding=\"async\" class=\"alignnone size-medium wp-image-321 aligncenter\" alt=\"Imprimir\" src=\"http:\/\/aia-cts.web.ua.pt\/wp-content\/uploads\/2013\/09\/seminario_iberoamericano_cts-1.jpg\" width=\"300\" height=\"104\" srcset=\"http:\/\/aia-cts.web.ua.pt\/wp-content\/uploads\/2013\/09\/seminario_iberoamericano_cts-1.jpg 950w, http:\/\/aia-cts.web.ua.pt\/wp-content\/uploads\/2013\/09\/seminario_iberoamericano_cts-1-300x104.jpg 300w\" sizes=\"auto, (max-width: 300px) 100vw, 300px\" \/><\/a><!--:--><!--:es-->El IV Seminario Iberoamericano CTS, VIII Seminario CTS, que se realizar\u00e1 en Bogot\u00e1 (Colombia) del 15 al 17 de julio de 2014, se organiza con el prop\u00f3sito de dar continuidad a los debates realizados cada dos a\u00f1os, desde el a\u00f1o 2000 cuando tiene lugar el I Seminario Ib\u00e9rico CTS en Ense\u00f1anza de las Ciencias en Aveiro (Portugal). Esta octava versi\u00f3n como Seminario CTS, propone un tema fundamental para avanzar en el mejoramiento de la Educaci\u00f3n en Ciencias en nuestros pa\u00edses: La formaci\u00f3n de los Profesores en Educaci\u00f3n CTS, que contempla la formaci\u00f3n inicial y continuada de los profesores de Educaci\u00f3n B\u00e1sica y Media, as\u00ed como\u00a0 los estudios de postgrado y la formaci\u00f3n de los profesores universitarios.<\/p>\n<p>La complejidad de las actividades de formaci\u00f3n e investigaci\u00f3n en el campo de las relaciones ciencia, tecnolog\u00eda, sociedad, plantean la necesidad de favorecer el intercambio cient\u00edfico y generar los espacios para la socializaci\u00f3n de las innovaciones que en el campo de la educaci\u00f3n en ciencias permitan promover la alfabetizaci\u00f3n cient\u00edfica y tecnol\u00f3gica para la ciudadan\u00eda.<\/p>\n<p><a href=\"http:\/\/seminarioiberoamericanocts.pedagogica.edu.co\/\" target=\"_blank\">http:\/\/seminarioiberoamericanocts.pedagogica.edu.co<\/a><\/p>\n<p style=\"text-align: center;\"><a href=\"http:\/\/aia-cts.web.ua.pt\/wp-content\/uploads\/2014\/04\/IV Semin\u00e1rio.png\"><img loading=\"lazy\" decoding=\"async\" alt=\"Imprimir\" src=\"http:\/\/aia-cts.web.ua.pt\/wp-content\/uploads\/2014\/04\/IV Semin\u00e1rio.png\" width=\"300\" height=\"104\" \/><\/a><\/p>\n<p><!--:--><\/p>\n","protected":false},"excerpt":{"rendered":"<p>O IV Semin\u00e1rio Ibero-Americano CTS, VIII Semin\u00e1rio CTS, a ser realizado em Bogot\u00e1 (Col\u00f4mbia) de 15 a 17 julho 2014, est\u00e1 organizado com o objetivo de dar continuidade \u00e0s discuss\u00f5es realizadas a cada dois anos, desde o ano 2000, quando&hellip; <\/p>\n","protected":false},"author":1,"featured_media":727,"comment_status":"open","ping_status":"open","sticky":false,"template":"","format":"standard","meta":{"footnotes":""},"categories":[2],"tags":[],"class_list":["post-308","post","type-post","status-publish","format-standard","has-post-thumbnail","hentry","category-aia-cts"],"_links":{"self":[{"href":"http:\/\/aia-cts.web.ua.pt\/index.php?rest_route=\/wp\/v2\/posts\/308","targetHints":{"allow":["GET"]}}],"collection":[{"href":"http:\/\/aia-cts.web.ua.pt\/index.php?rest_route=\/wp\/v2\/posts"}],"about":[{"href":"http:\/\/aia-cts.web.ua.pt\/index.php?rest_route=\/wp\/v2\/types\/post"}],"author":[{"embeddable":true,"href":"http:\/\/aia-cts.web.ua.pt\/index.php?rest_route=\/wp\/v2\/users\/1"}],"replies":[{"embeddable":true,"href":"http:\/\/aia-cts.web.ua.pt\/index.php?rest_route=%2Fwp%2Fv2%2Fcomments&post=308"}],"version-history":[{"count":33,"href":"http:\/\/aia-cts.web.ua.pt\/index.php?rest_route=\/wp\/v2\/posts\/308\/revisions"}],"predecessor-version":[{"id":327,"href":"http:\/\/aia-cts.web.ua.pt\/index.php?rest_route=\/wp\/v2\/posts\/308\/revisions\/327"}],"wp:featuredmedia":[{"embeddable":true,"href":"http:\/\/aia-cts.web.ua.pt\/index.php?rest_route=\/wp\/v2\/media\/727"}],"wp:attachment":[{"href":"http:\/\/aia-cts.web.ua.pt\/index.php?rest_route=%2Fwp%2Fv2%2Fmedia&parent=308"}],"wp:term":[{"taxonomy":"category","embeddable":true,"href":"http:\/\/aia-cts.web.ua.pt\/index.php?rest_route=%2Fwp%2Fv2%2Fcategories&post=308"},{"taxonomy":"post_tag","embeddable":true,"href":"http:\/\/aia-cts.web.ua.pt\/index.php?rest_route=%2Fwp%2Fv2%2Ftags&post=308"}],"curies":[{"name":"wp","href":"https:\/\/api.w.org\/{rel}","templated":true}]}}