{"id":3088,"date":"2020-04-15T10:35:58","date_gmt":"2020-04-15T09:35:58","guid":{"rendered":"http:\/\/aia-cts.web.ua.pt\/?p=3088"},"modified":"2021-03-29T14:47:49","modified_gmt":"2021-03-29T13:47:49","slug":"vii-siacts-vii-seminario-ibero-americano-cts","status":"publish","type":"post","link":"http:\/\/aia-cts.web.ua.pt\/?p=3088","title":{"rendered":"NOVAS DATAS | VII Semin\u00e1rio Ibero-americano CTS (VII SIACTS)"},"content":{"rendered":"<p>A Comiss\u00e3o Organizadora do\u00a0<strong><a href=\"https:\/\/congresos.adeituv.es\/cts2020\/ficha.es.html\" target=\"_blank\" rel=\"noopener noreferrer\">VII Semin\u00e1rio Ibero-americano CTS<\/a> (VII SIACTS)<\/strong> comunica o adiamento da celebra\u00e7\u00e3o para 19 a 21 de novembro de 2020, seguindo as recomenda\u00e7\u00f5es das institui\u00e7\u00f5es de sa\u00fade e educa\u00e7\u00e3o que impossibilitam a realiza\u00e7\u00e3o de atividades presenciais nas datas programadas.<\/p>\n<p>Trata-se de uma nova e muito especial edi\u00e7\u00e3o do Semin\u00e1rio, j\u00e1 que ser\u00e1 celebrado o vig\u00e9simo anivers\u00e1rio desde a primeira edi\u00e7\u00e3o que teve lugar na Universidade de Aveiro (Portugal) em julho do ano 2000.<\/p>\n<p>Com o tema geral escolhido nesta ocasi\u00e3o, \u201c<strong>Vinte anos de avan\u00e7os e novos desafios na Educa\u00e7\u00e3o CTS para a conquista dos Objetivos de Desenvolvimento Sustent\u00e1vel (ODS)<\/strong>\u201c, pretende-se abordar desafios urgentes para o ensino das Ci\u00eancias, conduzindo a forma\u00e7\u00e3o de uma cidadania preparada e ativa perante os graves problemas socio-ambientais interconectados aos que enfrentamos.<\/p>\n<p>Este objetivo levar-se-\u00e1 a cabo atrav\u00e9s do debate, da reflex\u00e3o e do avan\u00e7o de propostas de a\u00e7\u00e3o, a partir das contribui\u00e7\u00f5es desenvolvidas pelos participantes nas suas equipas e projetos de investiga\u00e7\u00e3o. O interc\u00e2mbio cient\u00edfico favorecido pela proximidade as l\u00ednguas ibero-americanas, constituir\u00e1 um enriquecimento do Semin\u00e1rio, estabelecido para impulsionar uma Educa\u00e7\u00e3o em Ci\u00eancias de qualidade, orientada para a alfabetiza\u00e7\u00e3o cient\u00edfica cr\u00edtica dos alunos.<\/p>\n<p>Neste momento encontram-se abertas as submiss\u00f5es de trabalhos a integrarem Indagatio Didactica (opcional) at\u00e9 17 de maio, 2020.<\/p>\n<p>Uma vez que o resumo extenso do trabalho (comunica\u00e7\u00e3o oral ou poster) seja aceito pela comiss\u00e3o cient\u00edfica, os autores que desejarem podem preparar um texto mais longo para poss\u00edvel publica\u00e7\u00e3o posterior na\u00a0<a href=\"https:\/\/proa.ua.pt\/index.php\/id\" target=\"_blank\" rel=\"noopener noreferrer\">Revista Indagatio Didactica<\/a>. Estes artigos ser\u00e3o avaliados pelo comit\u00ea cient\u00edfico antes da publica\u00e7\u00e3o. A estrutura deve conter as se\u00e7\u00f5es indicadas na Revista Indagatio Didactica, sem identificar os autores, seguindo as regras\u00a0<a href=\"https:\/\/proa.ua.pt\/index.php\/id\/about\/submissions\" target=\"_blank\" rel=\"noopener noreferrer\">aqui<\/a>\u00a0dispon\u00edveis.\u00a0Textos que n\u00e3o atendam a esses padr\u00f5es n\u00e3o ser\u00e3o aceitos.<\/p>\n<p><a href=\"https:\/\/congresos.adeituv.es\/congresos\/ficha.xx.html?cc=547&amp;\" target=\"_blank\" rel=\"noopener noreferrer\">ver mais<\/a><\/p>\n","protected":false},"excerpt":{"rendered":"<p>A Comiss\u00e3o Organizadora do\u00a0VII Semin\u00e1rio Ibero-americano CTS (VII SIACTS) comunica o adiamento da celebra\u00e7\u00e3o para 19 a 21 de novembro de 2020, seguindo as recomenda\u00e7\u00f5es das institui\u00e7\u00f5es de sa\u00fade e educa\u00e7\u00e3o que impossibilitam a realiza\u00e7\u00e3o de atividades presenciais nas datas&hellip; <\/p>\n","protected":false},"author":1,"featured_media":2685,"comment_status":"open","ping_status":"open","sticky":false,"template":"","format":"standard","meta":{"footnotes":""},"categories":[2,1],"tags":[],"class_list":["post-3088","post","type-post","status-publish","format-standard","has-post-thumbnail","hentry","category-aia-cts","category-uncategorized"],"_links":{"self":[{"href":"http:\/\/aia-cts.web.ua.pt\/index.php?rest_route=\/wp\/v2\/posts\/3088","targetHints":{"allow":["GET"]}}],"collection":[{"href":"http:\/\/aia-cts.web.ua.pt\/index.php?rest_route=\/wp\/v2\/posts"}],"about":[{"href":"http:\/\/aia-cts.web.ua.pt\/index.php?rest_route=\/wp\/v2\/types\/post"}],"author":[{"embeddable":true,"href":"http:\/\/aia-cts.web.ua.pt\/index.php?rest_route=\/wp\/v2\/users\/1"}],"replies":[{"embeddable":true,"href":"http:\/\/aia-cts.web.ua.pt\/index.php?rest_route=%2Fwp%2Fv2%2Fcomments&post=3088"}],"version-history":[{"count":7,"href":"http:\/\/aia-cts.web.ua.pt\/index.php?rest_route=\/wp\/v2\/posts\/3088\/revisions"}],"predecessor-version":[{"id":4780,"href":"http:\/\/aia-cts.web.ua.pt\/index.php?rest_route=\/wp\/v2\/posts\/3088\/revisions\/4780"}],"wp:featuredmedia":[{"embeddable":true,"href":"http:\/\/aia-cts.web.ua.pt\/index.php?rest_route=\/wp\/v2\/media\/2685"}],"wp:attachment":[{"href":"http:\/\/aia-cts.web.ua.pt\/index.php?rest_route=%2Fwp%2Fv2%2Fmedia&parent=3088"}],"wp:term":[{"taxonomy":"category","embeddable":true,"href":"http:\/\/aia-cts.web.ua.pt\/index.php?rest_route=%2Fwp%2Fv2%2Fcategories&post=3088"},{"taxonomy":"post_tag","embeddable":true,"href":"http:\/\/aia-cts.web.ua.pt\/index.php?rest_route=%2Fwp%2Fv2%2Ftags&post=3088"}],"curies":[{"name":"wp","href":"https:\/\/api.w.org\/{rel}","templated":true}]}}