{"id":3670,"date":"2020-11-05T18:29:57","date_gmt":"2020-11-05T18:29:57","guid":{"rendered":"http:\/\/aia-cts.web.ua.pt\/?p=3670"},"modified":"2021-03-29T14:47:20","modified_gmt":"2021-03-29T13:47:20","slug":"eleicoes-para-os-orgaos-sociais-da-aia-cts","status":"publish","type":"post","link":"http:\/\/aia-cts.web.ua.pt\/?p=3670","title":{"rendered":"[:pt]Elei\u00e7\u00f5es para os \u00d3rg\u00e3os Sociais da AIA-CTS 2020-2024[:es]Elei\u00e7\u00f5es para os \u00d3rg\u00e3os Sociais da AIA-CTS 2020-2024[:]"},"content":{"rendered":"\n<p>[:pt]Documenta\u00e7\u00e3o relativa \u00e0s Elei\u00e7\u00f5es para os \u00d3rg\u00e3os Sociais da AIA-CTS:<\/p>\n\n\n\n<ul class=\"wp-block-list\"><li><a rel=\"noreferrer noopener\" href=\"http:\/\/aia-cts.web.ua.pt\/wp-content\/uploads\/2020\/11\/Convocatoria-Asamblea-General-2020.pdf\" target=\"_blank\">Convocat\u00f3ria da Assembleia-Geral<\/a><\/li><li><a rel=\"noreferrer noopener\" href=\"http:\/\/aia-cts.web.ua.pt\/wp-content\/uploads\/2020\/11\/Relatorio-AIA-2018_Final.pdf\" target=\"_blank\">Relat\u00f3rio e Contas AIA-CTS 2018<\/a><\/li><li><a rel=\"noreferrer noopener\" href=\"http:\/\/aia-cts.web.ua.pt\/wp-content\/uploads\/2020\/11\/Relatorio-AIA-2019_Final.pdf\" target=\"_blank\">Relat\u00f3rio e Contas AIA-CTS 2019<\/a><\/li><li><a rel=\"noreferrer noopener\" href=\"http:\/\/aia-cts.web.ua.pt\/wp-content\/uploads\/2020\/11\/Convocatoria-Asamblea-Electoral-2020-2024.pdf\" target=\"_blank\">Convocat\u00f3ria da Assembleia-Eleitoral<\/a><\/li><li><a rel=\"noreferrer noopener\" href=\"http:\/\/aia-cts.web.ua.pt\/wp-content\/uploads\/2020\/11\/Caderno-Eleitoral_AIA_Associados_regularizada_04112020.pdf\" target=\"_blank\">Caderno Eleitoral<\/a><\/li><li><a rel=\"noreferrer noopener\" href=\"http:\/\/aia-cts.web.ua.pt\/wp-content\/uploads\/2020\/11\/Lista_Orgaos-Sociais_-AIA_2020-2024_com-CV.pdf\" target=\"_blank\">Lista Candidata aos \u00d3rg\u00e3os Sociais 2020-2024<\/a><\/li><li><a rel=\"noreferrer noopener\" href=\"http:\/\/aia-cts.web.ua.pt\/wp-content\/uploads\/2020\/11\/AIA_Programa-Candidatura-2020-2024.pdf\" target=\"_blank\">Programa da Lista para 2020-2024<\/a><\/li><\/ul>\n\n\n\n<p>[:es]Documenta\u00e7\u00e3o relativa \u00e0s Elei\u00e7\u00f5es para os \u00d3rg\u00e3os Sociais da AIA-CTS:<\/p>\n\n\n\n<ul class=\"wp-block-list\"><li><a rel=\"noreferrer noopener\" href=\"http:\/\/aia-cts.web.ua.pt\/wp-content\/uploads\/2020\/11\/Convocatoria-Asamblea-General-2020.pdf\" target=\"_blank\">Convocat\u00f3ria da Assembleia-Geral<\/a><\/li><li><a rel=\"noreferrer noopener\" href=\"http:\/\/aia-cts.web.ua.pt\/wp-content\/uploads\/2020\/11\/Relatorio-AIA-2018_Final.pdf\" target=\"_blank\">Relat\u00f3rio e Contas AIA-CTS 2018<\/a><\/li><li><a rel=\"noreferrer noopener\" href=\"http:\/\/aia-cts.web.ua.pt\/wp-content\/uploads\/2020\/11\/Relatorio-AIA-2019_Final.pdf\" target=\"_blank\">Relat\u00f3rio e Contas AIA-CTS 2019<\/a><\/li><li><a rel=\"noreferrer noopener\" href=\"http:\/\/aia-cts.web.ua.pt\/wp-content\/uploads\/2020\/11\/Convocatoria-Asamblea-Electoral-2020-2024.pdf\" target=\"_blank\">Convocat\u00f3ria da Assembleia-Eleitoral<\/a><\/li><li><a rel=\"noreferrer noopener\" href=\"http:\/\/aia-cts.web.ua.pt\/wp-content\/uploads\/2020\/11\/Caderno-Eleitoral_AIA_Associados_regularizada_04112020.pdf\" target=\"_blank\">Caderno Eleitoral<\/a> <\/li><li><a rel=\"noreferrer noopener\" href=\"http:\/\/aia-cts.web.ua.pt\/wp-content\/uploads\/2020\/11\/Lista_Orgaos-Sociais_-AIA_2020-2024_com-CV.pdf\" target=\"_blank\">Lista Candidata aos \u00d3rg\u00e3os Sociais 2020-2024<\/a><\/li><li><a rel=\"noreferrer noopener\" href=\"http:\/\/aia-cts.web.ua.pt\/wp-content\/uploads\/2020\/11\/AIA_Programa-Candidatura-2020-2024.pdf\" target=\"_blank\">Programa da Lista para 2020-2024<\/a>[:]<\/li><\/ul>\n","protected":false},"excerpt":{"rendered":"<p>[:pt]Documenta\u00e7\u00e3o relativa \u00e0s Elei\u00e7\u00f5es para os \u00d3rg\u00e3os Sociais da AIA-CTS: Convocat\u00f3ria da Assembleia-Geral Relat\u00f3rio e Contas AIA-CTS 2018 Relat\u00f3rio e Contas AIA-CTS 2019 Convocat\u00f3ria da Assembleia-Eleitoral Caderno Eleitoral Lista Candidata aos \u00d3rg\u00e3os Sociais 2020-2024 Programa da Lista para 2020-2024 [:es]Documenta\u00e7\u00e3o&hellip; <\/p>\n","protected":false},"author":1,"featured_media":3754,"comment_status":"open","ping_status":"open","sticky":false,"template":"","format":"standard","meta":{"footnotes":""},"categories":[2,1],"tags":[],"class_list":["post-3670","post","type-post","status-publish","format-standard","has-post-thumbnail","hentry","category-aia-cts","category-uncategorized"],"_links":{"self":[{"href":"http:\/\/aia-cts.web.ua.pt\/index.php?rest_route=\/wp\/v2\/posts\/3670","targetHints":{"allow":["GET"]}}],"collection":[{"href":"http:\/\/aia-cts.web.ua.pt\/index.php?rest_route=\/wp\/v2\/posts"}],"about":[{"href":"http:\/\/aia-cts.web.ua.pt\/index.php?rest_route=\/wp\/v2\/types\/post"}],"author":[{"embeddable":true,"href":"http:\/\/aia-cts.web.ua.pt\/index.php?rest_route=\/wp\/v2\/users\/1"}],"replies":[{"embeddable":true,"href":"http:\/\/aia-cts.web.ua.pt\/index.php?rest_route=%2Fwp%2Fv2%2Fcomments&post=3670"}],"version-history":[{"count":15,"href":"http:\/\/aia-cts.web.ua.pt\/index.php?rest_route=\/wp\/v2\/posts\/3670\/revisions"}],"predecessor-version":[{"id":3853,"href":"http:\/\/aia-cts.web.ua.pt\/index.php?rest_route=\/wp\/v2\/posts\/3670\/revisions\/3853"}],"wp:featuredmedia":[{"embeddable":true,"href":"http:\/\/aia-cts.web.ua.pt\/index.php?rest_route=\/wp\/v2\/media\/3754"}],"wp:attachment":[{"href":"http:\/\/aia-cts.web.ua.pt\/index.php?rest_route=%2Fwp%2Fv2%2Fmedia&parent=3670"}],"wp:term":[{"taxonomy":"category","embeddable":true,"href":"http:\/\/aia-cts.web.ua.pt\/index.php?rest_route=%2Fwp%2Fv2%2Fcategories&post=3670"},{"taxonomy":"post_tag","embeddable":true,"href":"http:\/\/aia-cts.web.ua.pt\/index.php?rest_route=%2Fwp%2Fv2%2Ftags&post=3670"}],"curies":[{"name":"wp","href":"https:\/\/api.w.org\/{rel}","templated":true}]}}