{"id":520,"date":"2014-06-17T10:57:01","date_gmt":"2014-06-17T09:57:01","guid":{"rendered":"http:\/\/aia-cts.web.ua.pt\/?p=520"},"modified":"2014-07-29T09:33:11","modified_gmt":"2014-07-29T08:33:11","slug":"convocatoria","status":"publish","type":"post","link":"http:\/\/aia-cts.web.ua.pt\/?p=520","title":{"rendered":"<!--:pt-->Assembleia-Geral<!--:--><!--:es-->Asamblea General<!--:-->"},"content":{"rendered":"<p><!--:pt-->Nos termos do Artigo 2.\u00ba, n\u00famero 3, do Regulamento Interno, convoca-se a Assembleia-Geral da ASSOCIA\u00c7\u00c3O IBERO-AMERICANA CTS NA EDUCA\u00c7\u00c3O EM CI\u00caNCIA (AIA-CTS), para o dia 16 de julho de 2014, pelas 18h, a ter lugar na Universidade Santo Tom\u00e1s, Aula Fundadores, Carrera 9, N.\u00ba 51-11, Bogot\u00e1, Colombia.<br \/>\nCaso o n\u00famero de Associados presentes n\u00e3o corresponda ao previsto no Artigo 2.\u00ba, n\u00famero 5, convoca-se a Assembleia-Geral para as 18h30min, no mesmo local, nos termos do n\u00famero 8 do mesmo Artigo do Regulamento Interno.<\/p>\n<p>Ordem de trabalhos:<\/p>\n<p>1. Informa\u00e7\u00f5es gerais sobre a AIA-CTS.<br \/>\n2. Aprecia\u00e7\u00e3o do Relat\u00f3rio de Contas 2012- 2013.<br \/>\n3. Pr\u00e9mio CTS 2014.<br \/>\n4. An\u00e1lise do Plano de Atividades com vista \u00e0 afirma\u00e7\u00e3o da AIA-CTS e sua divulga\u00e7\u00e3o em comunidades acad\u00e9micas e cient\u00edficas relevantes.<br \/>\n5. Outros assuntos.<\/p>\n<p>Universidade Cruzeiro do Sul | S\u00e3o Paulo, 16 de junho de 2014<\/p>\n<p>Pel\u2019 A Presidente da Mesa da Assembleia-Geral da AIA-CTS<\/p>\n<p>Maria Delourdes Maciel<\/p>\n<p><a href=\"http:\/\/aia-cts.web.ua.pt\/CONVOCA\u00c7\u00c3O AIACTS.pdf\">Convocat\u00f3ria para Assembleia Geral<\/a><\/p>\n<p><a href=\"http:\/\/aia-cts.web.ua.pt\/Ata n2.pdf\">Ata da Assembleia Geral<\/a><\/p>\n<p><strong>Anexos \u00e0 Ata da Assembleia Geral<\/strong><\/p>\n<p><a href=\"http:\/\/aia-cts.web.ua.pt\/Lista de Presen\u00e7as.pdf\">Lista de Presen\u00e7as<\/a><\/p>\n<p><a href=\"http:\/\/aia-cts.web.ua.pt\/Relatorio_conta12_13.pdf\">Relat\u00f3rio e Contas da AIA-CTS 2012 e 2013<\/a><\/p>\n<p><a href=\"http:\/\/aia-cts.web.ua.pt\/Parecer.pdf\">Parecer Relativo ao Relat\u00f3rio e Contas da AIA-CTS 2012 e 2013<\/a><\/p>\n<p><a href=\"http:\/\/aia-cts.web.ua.pt\/Declara\u00e7\u00e3o UA.pdf\">Declara\u00e7\u00e3o UA<\/a><!--:--><!--:es-->Nos termos do Artigo 2.\u00ba, n\u00famero 3, do Regulamento Interno, convoca-se a Assembleia-Geral da ASSOCIA\u00c7\u00c3O IBERO-AMERICANA CTS NA EDUCA\u00c7\u00c3O EM CI\u00caNCIA (AIA-CTS), para o dia 16 de julho de 2014, pelas 18h, a ter lugar na Universidade Santo Tom\u00e1s, Aula Fundadores, Carrera 9, N.\u00ba 51-11, Bogot\u00e1, Colombia.<br \/>\nCaso o n\u00famero de Associados presentes n\u00e3o corresponda ao previsto no Artigo 2.\u00ba, n\u00famero 5, convoca-se a Assembleia-Geral para as 18h30min, no mesmo local, nos termos do n\u00famero 8 do mesmo Artigo do Regulamento Interno.<\/p>\n<p>Ordem de trabalhos:<\/p>\n<p>1. Informa\u00e7\u00f5es gerais sobre a AIA-CTS.<br \/>\n2. Aprecia\u00e7\u00e3o do Relat\u00f3rio de Contas 2012- 2013.<br \/>\n3. Pr\u00e9mio CTS 2014.<br \/>\n4. An\u00e1lise do Plano de Atividades com vista \u00e0 afirma\u00e7\u00e3o da AIA-CTS e sua divulga\u00e7\u00e3o em comunidades acad\u00e9micas e cient\u00edficas relevantes.<br \/>\n5. Outros assuntos.<\/p>\n<p>Universidade Cruzeiro do Sul | S\u00e3o Paulo, 16 de junho de 2014<\/p>\n<p>Pel\u2019 A Presidente da Mesa da Assembleia-Geral da AIA-CTS<\/p>\n<p>Maria Delourdes Maciel<\/p>\n<p><a href=\"http:\/\/aia-cts.web.ua.pt\/CONVOCA\u00c7\u00c3O AIACTS.pdf\">Convocatoria para Asemblea General<\/a><\/p>\n<p><a href=\"http:\/\/aia-cts.web.ua.pt\/Ata n2.pdf\">Ata da Asamblea General<\/a><\/p>\n<p><strong>Anexos &#8211; Ata Asamblea General<\/strong><\/p>\n<p><a href=\"http:\/\/aia-cts.web.ua.pt\/Lista de Presen\u00e7as.pdf\">Lista de Presen\u00e7as<\/a><\/p>\n<p><a href=\"http:\/\/aia-cts.web.ua.pt\/Relatorio_conta12_13.pdf\">Relat\u00f3rio e Contas da AIA-CTS 2012 e 2013<\/a><\/p>\n<p><a href=\"http:\/\/aia-cts.web.ua.pt\/Parecer.pdf\">Parecer Relativo ao Relat\u00f3rio e Contas da AIA-CTS 2012 e 2013<\/a><\/p>\n<p><a href=\"http:\/\/aia-cts.web.ua.pt\/Declara\u00e7\u00e3o UA.pdf\">Declara\u00e7\u00e3o UA<\/a><!--:--><\/p>\n","protected":false},"excerpt":{"rendered":"<p>Nos termos do Artigo 2.\u00ba, n\u00famero 3, do Regulamento Interno, convoca-se a Assembleia-Geral da ASSOCIA\u00c7\u00c3O IBERO-AMERICANA CTS NA EDUCA\u00c7\u00c3O EM CI\u00caNCIA (AIA-CTS), para o dia 16 de julho de 2014, pelas 18h, a ter lugar na Universidade Santo Tom\u00e1s, Aula&hellip; <\/p>\n","protected":false},"author":1,"featured_media":555,"comment_status":"open","ping_status":"open","sticky":false,"template":"","format":"standard","meta":{"footnotes":""},"categories":[2],"tags":[],"class_list":["post-520","post","type-post","status-publish","format-standard","has-post-thumbnail","hentry","category-aia-cts"],"_links":{"self":[{"href":"http:\/\/aia-cts.web.ua.pt\/index.php?rest_route=\/wp\/v2\/posts\/520","targetHints":{"allow":["GET"]}}],"collection":[{"href":"http:\/\/aia-cts.web.ua.pt\/index.php?rest_route=\/wp\/v2\/posts"}],"about":[{"href":"http:\/\/aia-cts.web.ua.pt\/index.php?rest_route=\/wp\/v2\/types\/post"}],"author":[{"embeddable":true,"href":"http:\/\/aia-cts.web.ua.pt\/index.php?rest_route=\/wp\/v2\/users\/1"}],"replies":[{"embeddable":true,"href":"http:\/\/aia-cts.web.ua.pt\/index.php?rest_route=%2Fwp%2Fv2%2Fcomments&post=520"}],"version-history":[{"count":28,"href":"http:\/\/aia-cts.web.ua.pt\/index.php?rest_route=\/wp\/v2\/posts\/520\/revisions"}],"predecessor-version":[{"id":535,"href":"http:\/\/aia-cts.web.ua.pt\/index.php?rest_route=\/wp\/v2\/posts\/520\/revisions\/535"}],"wp:featuredmedia":[{"embeddable":true,"href":"http:\/\/aia-cts.web.ua.pt\/index.php?rest_route=\/wp\/v2\/media\/555"}],"wp:attachment":[{"href":"http:\/\/aia-cts.web.ua.pt\/index.php?rest_route=%2Fwp%2Fv2%2Fmedia&parent=520"}],"wp:term":[{"taxonomy":"category","embeddable":true,"href":"http:\/\/aia-cts.web.ua.pt\/index.php?rest_route=%2Fwp%2Fv2%2Fcategories&post=520"},{"taxonomy":"post_tag","embeddable":true,"href":"http:\/\/aia-cts.web.ua.pt\/index.php?rest_route=%2Fwp%2Fv2%2Ftags&post=520"}],"curies":[{"name":"wp","href":"https:\/\/api.w.org\/{rel}","templated":true}]}}