{"id":5224,"date":"2021-11-05T12:55:14","date_gmt":"2021-11-05T12:55:14","guid":{"rendered":"https:\/\/aia-cts.web.ua.pt\/?p=5224"},"modified":"2022-10-26T10:00:39","modified_gmt":"2022-10-26T09:00:39","slug":"viii-seminario-iberoamericano-cts-xii-seminario-iberico-cts-2022-em-sao-paulo-br","status":"publish","type":"post","link":"http:\/\/aia-cts.web.ua.pt\/?p=5224","title":{"rendered":"VIII Seminario Iberoamericano CTS \/ XII Seminario Ib\u00e9rico CTS 2022, em S\u00e3o Paulo\/BR"},"content":{"rendered":"\n<div class=\"wp-block-image\"><figure class=\"aligncenter size-large\"><a href=\"http:\/\/aia-cts.web.ua.pt\/wp-content\/uploads\/2021\/11\/Picture-1.png\"><img loading=\"lazy\" decoding=\"async\" width=\"326\" height=\"72\" src=\"http:\/\/aia-cts.web.ua.pt\/wp-content\/uploads\/2021\/11\/Picture-1.png\" alt=\"\" class=\"wp-image-5236\" srcset=\"http:\/\/aia-cts.web.ua.pt\/wp-content\/uploads\/2021\/11\/Picture-1.png 326w, http:\/\/aia-cts.web.ua.pt\/wp-content\/uploads\/2021\/11\/Picture-1-300x66.png 300w\" sizes=\"auto, (max-width: 326px) 100vw, 326px\" \/><\/a><\/figure><\/div>\n\n\n\n<p><strong>22 &#8211; 24 novembro, 2022<\/strong> | <strong>Universidade Cruzeiro do Sul (Brasil)<\/strong><\/p>\n\n\n\n<p>Em novembro de 2022, com sede na cidade de S\u00e3o Paulo, na Universidade Cruzeiro do Sul, ter\u00e1 lugar o VIII Semin\u00e1rio Ibero-americano CTS (<a href=\"https:\/\/www.cruzeirodosul.edu.br\/a-cruzeiro-do-sul\/siacts\/\" target=\"_blank\" rel=\"noreferrer noopener\">VIII SIACTS<\/a>), denominado <strong>Intera\u00e7\u00f5es CTS: Impactos sobre o Ambiente, a Sa\u00fade e a Educa\u00e7\u00e3o.<\/strong><\/p>\n\n\n\n<p>At\u00e9 2008, os semin\u00e1rios denominaram-se ib\u00e9ricos por envolverem Portugal e Espanha na organiza\u00e7\u00e3o e realiza\u00e7\u00e3o, alternadamente, em ambos os pa\u00edses. Durante a sua quarta edi\u00e7\u00e3o, em 2006, no semin\u00e1rio que decorreu na Universidade de M\u00e1laga (Espanha), decidiu-se que o V Semin\u00e1rio Ib\u00e9rico, que se realizaria em Aveiro (Portugal) em 2008, passaria a denominar-se I Semin\u00e1rio Ibero-americano CTS, dada a crescente e relevante participa\u00e7\u00e3o de investigadores da Am\u00e9rica Latina.<\/p>\n\n\n\n<p>Os eventos continuaram a ocorrer a cada dois anos, alternadamente entre Europa e Am\u00e9rica Latina. Assim, o II Semin\u00e1rio Ibero-americano (II SIACTS), em 2010, foi o primeiro a ter lugar na Am\u00e9rica Latina, na Universidade de Bras\u00edlia (Brasil). O III SIACTS realizou-se em Madrid (Espanha), o IV SIACTS em Bogot\u00e1 (Col\u00f4mbia), o V em Aveiro (Portugal), o VI em Buenos Aires (Argentina) e, mais recentemente, em 2020, o VII ocorreu em Val\u00eancia (Espanha).<\/p>\n\n\n\n<p>Um marco importante na evolu\u00e7\u00e3o e organiza\u00e7\u00e3o dos semin\u00e1rios, assim como do pr\u00f3prio campo CTS, ocorreu com a cria\u00e7\u00e3o da Associa\u00e7\u00e3o Ibero-americana CTS na Educa\u00e7\u00e3o em Ci\u00eancias (<a rel=\"noreferrer noopener\" href=\"https:\/\/aia-cts.web.ua.pt\/\" target=\"_blank\">AIA-CTS<\/a>) e a elei\u00e7\u00e3o dos seus \u00f3rg\u00e3os sociais em 2012, com representantes de Portugal, Espanha, Col\u00f4mbia, Argentina e Brasil. Desde esse momento, a Associa\u00e7\u00e3o passou a ser coorganizadora dos semin\u00e1rios juntamente com a institui\u00e7\u00e3o anfitri\u00e3.<\/p>\n\n\n\n<p>O <a href=\"https:\/\/www.cruzeirodosul.edu.br\/a-cruzeiro-do-sul\/siacts\/\" target=\"_blank\" rel=\"noreferrer noopener\">VIII Semin\u00e1rio CTS<\/a>, como nas edi\u00e7\u00f5es precedentes, constitui-se como lugar de encontro e debate acad\u00e9mico no campo das intera\u00e7\u00f5es Ci\u00eancia, Tecnologia, Sociedade, desta vez com foco na educa\u00e7\u00e3o em ci\u00eancias, no ambiente e na sa\u00fade, centrando-se no papel da investiga\u00e7\u00e3o e da inova\u00e7\u00e3o como forma de contribuir para uma educa\u00e7\u00e3o de qualidade, promovendo uma imers\u00e3o na cultura cient\u00edfica em todos os seus \u00e2mbitos.<\/p>\n\n\n\n<p>Destaca-se a import\u00e2ncia de o semin\u00e1rio voltar a ter como sede uma universidade da Am\u00e9rica Latina, o que demostra as diversas ramifica\u00e7\u00f5es e a import\u00e2ncia dada a cada pa\u00eds e continente onde h\u00e1 membros da associa\u00e7\u00e3o. Acreditamos que a coopera\u00e7\u00e3o acad\u00e9mica tem-se mostrado de grande import\u00e2ncia nestes momentos de pandemia provocada pela Covid-19 e nunca, em nenhum outro momento da hist\u00f3ria, o conceito de coletividade tem se mostrado t\u00e3o forte, n\u00e3o s\u00f3 em quest\u00f5es de educa\u00e7\u00e3o em ci\u00eancia, do ambiente, sustentabilidade e de sa\u00fade p\u00fablica, como nos contextos de pesquisa e a\u00e7\u00f5es que tentem resgatar uma sociedade acometida pela pandemia.<\/p>\n\n\n\n<p>\u00c9 muito importante discutir, \u00e0 luz das pesquisas cient\u00edficas, como podemos desenvolver a\u00e7\u00f5es e projetos que visem o ensino de ci\u00eancias e, com esta premissa, desejamos que o encontro, sediado numa das metr\u00f3poles mais populosas da Am\u00e9rica Latina impulsione outros rumos de pesquisa para a educa\u00e7\u00e3o em ci\u00eancias de qualidade e democr\u00e1tica.<\/p>\n\n\n\n<p>Com os eixos tem\u00e1ticos selecionados para este <a href=\"https:\/\/www.cruzeirodosul.edu.br\/a-cruzeiro-do-sul\/siacts\/\" target=\"_blank\" rel=\"noreferrer noopener\">VIII SIACTS<\/a>, pretende-se abordar, a partir da perspectiva CTS (Ci\u00eancia, Tecnologia e Sociedade), quest\u00f5es espec\u00edficas do ensino das ci\u00eancias na perspectiva de forma\u00e7\u00e3o de professores, assim como os impactos sobre o ambiente, a sa\u00fade e a educa\u00e7\u00e3o.<\/p>\n\n\n\n<h4 class=\"wp-block-heading\"><strong>Temas do VIII SIACTS:<\/strong><\/h4>\n\n\n\n<p><strong>1 \u2013 CTS e Forma\u00e7\u00e3o de Professores<\/strong><br><strong>2 \u2013 CTSA e Sustentabilidade<\/strong><br><strong>3 \u2013 CTS e Curr\u00edculo<\/strong><br><strong>4 \u2013 Investiga\u00e7\u00e3o e Pr\u00e1ticas em Educa\u00e7\u00e3o CTS<\/strong><br><strong>5 \u2013 Pol\u00edticas, Gest\u00e3o e Avalia\u00e7\u00e3o em CTS<\/strong><br><strong>6 \u2013 CTS em Tempos de Pandemia<\/strong><\/p>\n\n\n\n<h4 class=\"wp-block-heading\"><strong>Datas (Orientadoras)<\/strong><\/h4>\n\n\n\n<p><strong>1. Recep\u00e7\u00e3o de resumos de trabalhos<\/strong> (Comunica\u00e7\u00f5es Orais, Comunica\u00e7\u00f5es em Poster, Oficinas, Simp\u00f3sio): De 01 de dezembro de 2021 a 31 de mar\u00e7o de 2022<br><strong>2. Avalia\u00e7\u00e3o dos trabalhos pela Comiss\u00e3o Cient\u00edfica<\/strong> De 01 de abril de 2022 a 31 de maio de 2022<br><strong>3. Comunica\u00e7\u00e3o de aceita\u00e7\u00e3o dos trabalhos<\/strong>: At\u00e9 15 de junho de 2022<br><strong>4. Recep\u00e7\u00e3o de trabalhos completos<\/strong>: At\u00e9 30 de junho de 2022<\/p>\n\n\n\n<p><a rel=\"noreferrer noopener\" href=\"https:\/\/www.cruzeirodosul.edu.br\/a-cruzeiro-do-sul\/siacts\/\" target=\"_blank\">ver mais<\/a> | <a href=\"http:\/\/aia-cts.web.ua.pt\/wp-content\/uploads\/2022\/02\/PROGRAMACAO-GERAL-22-02-2022.pdf\" target=\"_blank\" rel=\"noreferrer noopener\">programa geral<\/a><\/p>\n\n\n\n<figure class=\"wp-block-image size-large\"><a href=\"http:\/\/aia-cts.web.ua.pt\/wp-content\/uploads\/2022\/09\/AIA-VIII-Seminario-Iberoamericano-CTS.png\"><img loading=\"lazy\" decoding=\"async\" width=\"1024\" height=\"454\" src=\"http:\/\/aia-cts.web.ua.pt\/wp-content\/uploads\/2022\/09\/AIA-VIII-Seminario-Iberoamericano-CTS-1024x454.png\" alt=\"\" class=\"wp-image-6468\" srcset=\"http:\/\/aia-cts.web.ua.pt\/wp-content\/uploads\/2022\/09\/AIA-VIII-Seminario-Iberoamericano-CTS-1024x454.png 1024w, http:\/\/aia-cts.web.ua.pt\/wp-content\/uploads\/2022\/09\/AIA-VIII-Seminario-Iberoamericano-CTS-300x133.png 300w, http:\/\/aia-cts.web.ua.pt\/wp-content\/uploads\/2022\/09\/AIA-VIII-Seminario-Iberoamericano-CTS-768x340.png 768w, http:\/\/aia-cts.web.ua.pt\/wp-content\/uploads\/2022\/09\/AIA-VIII-Seminario-Iberoamericano-CTS-600x266.png 600w, http:\/\/aia-cts.web.ua.pt\/wp-content\/uploads\/2022\/09\/AIA-VIII-Seminario-Iberoamericano-CTS.png 1038w\" sizes=\"auto, (max-width: 1024px) 100vw, 1024px\" \/><\/a><\/figure>\n","protected":false},"excerpt":{"rendered":"<p>22 &#8211; 24 novembro, 2022 | Universidade Cruzeiro do Sul (Brasil) Em novembro de 2022, com sede na cidade de S\u00e3o Paulo, na Universidade Cruzeiro do Sul, ter\u00e1 lugar o VIII Semin\u00e1rio Ibero-americano CTS (VIII SIACTS), denominado Intera\u00e7\u00f5es CTS: Impactos&hellip; <\/p>\n","protected":false},"author":1,"featured_media":6468,"comment_status":"open","ping_status":"open","sticky":false,"template":"","format":"standard","meta":{"footnotes":""},"categories":[1],"tags":[],"class_list":["post-5224","post","type-post","status-publish","format-standard","has-post-thumbnail","hentry","category-uncategorized"],"_links":{"self":[{"href":"http:\/\/aia-cts.web.ua.pt\/index.php?rest_route=\/wp\/v2\/posts\/5224","targetHints":{"allow":["GET"]}}],"collection":[{"href":"http:\/\/aia-cts.web.ua.pt\/index.php?rest_route=\/wp\/v2\/posts"}],"about":[{"href":"http:\/\/aia-cts.web.ua.pt\/index.php?rest_route=\/wp\/v2\/types\/post"}],"author":[{"embeddable":true,"href":"http:\/\/aia-cts.web.ua.pt\/index.php?rest_route=\/wp\/v2\/users\/1"}],"replies":[{"embeddable":true,"href":"http:\/\/aia-cts.web.ua.pt\/index.php?rest_route=%2Fwp%2Fv2%2Fcomments&post=5224"}],"version-history":[{"count":7,"href":"http:\/\/aia-cts.web.ua.pt\/index.php?rest_route=\/wp\/v2\/posts\/5224\/revisions"}],"predecessor-version":[{"id":6480,"href":"http:\/\/aia-cts.web.ua.pt\/index.php?rest_route=\/wp\/v2\/posts\/5224\/revisions\/6480"}],"wp:featuredmedia":[{"embeddable":true,"href":"http:\/\/aia-cts.web.ua.pt\/index.php?rest_route=\/wp\/v2\/media\/6468"}],"wp:attachment":[{"href":"http:\/\/aia-cts.web.ua.pt\/index.php?rest_route=%2Fwp%2Fv2%2Fmedia&parent=5224"}],"wp:term":[{"taxonomy":"category","embeddable":true,"href":"http:\/\/aia-cts.web.ua.pt\/index.php?rest_route=%2Fwp%2Fv2%2Fcategories&post=5224"},{"taxonomy":"post_tag","embeddable":true,"href":"http:\/\/aia-cts.web.ua.pt\/index.php?rest_route=%2Fwp%2Fv2%2Ftags&post=5224"}],"curies":[{"name":"wp","href":"https:\/\/api.w.org\/{rel}","templated":true}]}}