{"id":6636,"date":"2023-01-03T10:28:07","date_gmt":"2023-01-03T10:28:07","guid":{"rendered":"https:\/\/aia-cts.web.ua.pt\/?p=6636"},"modified":"2023-01-03T10:29:11","modified_gmt":"2023-01-03T10:29:11","slug":"tributo-ao-professor-jose-de-pinho-alves-filho","status":"publish","type":"post","link":"http:\/\/aia-cts.web.ua.pt\/?p=6636","title":{"rendered":"Tributo ao Professor Jos\u00e9 de Pinho Alves Filho"},"content":{"rendered":"\n<p>A Associa\u00e7\u00e3o Ibero-Americana CTS na Educa\u00e7\u00e3o em Ci\u00eancia informa, com profundo pesar, o falecimento de&nbsp;<strong>Jos\u00e9 de Pinho Alves Filho, <\/strong>Professor Titular da Universidade Federal de Santa Catarina (UFSC), ocorrido no dia 20.12.2022.<\/p>\n\n\n\n<p>Ao amigo, colega, associado n.\u00ba 165 e grande apoiante da AIA-CTS, tendo sido membro do J\u00fari do Pr\u00e9mio AIA-CTS 2020, prestamos-lhe aqui sincera homenagem e lamentamos muito a sua partida precoce.&nbsp;<\/p>\n\n\n\n<div class=\"wp-block-image\"><figure class=\"aligncenter size-large is-resized\"><a href=\"http:\/\/aia-cts.web.ua.pt\/wp-content\/uploads\/2023\/01\/Jose-de-Pinho-Alves-Filho.jpg\" target=\"_blank\" rel=\"noopener\"><img loading=\"lazy\" decoding=\"async\" src=\"http:\/\/aia-cts.web.ua.pt\/wp-content\/uploads\/2023\/01\/Jose-de-Pinho-Alves-Filho-1024x912.jpg\" alt=\"\" class=\"wp-image-6639\" width=\"461\" height=\"411\" srcset=\"http:\/\/aia-cts.web.ua.pt\/wp-content\/uploads\/2023\/01\/Jose-de-Pinho-Alves-Filho-1024x912.jpg 1024w, http:\/\/aia-cts.web.ua.pt\/wp-content\/uploads\/2023\/01\/Jose-de-Pinho-Alves-Filho-300x267.jpg 300w, http:\/\/aia-cts.web.ua.pt\/wp-content\/uploads\/2023\/01\/Jose-de-Pinho-Alves-Filho-768x684.jpg 768w, http:\/\/aia-cts.web.ua.pt\/wp-content\/uploads\/2023\/01\/Jose-de-Pinho-Alves-Filho-600x534.jpg 600w, http:\/\/aia-cts.web.ua.pt\/wp-content\/uploads\/2023\/01\/Jose-de-Pinho-Alves-Filho.jpg 1050w\" sizes=\"auto, (max-width: 461px) 100vw, 461px\" \/><\/a><\/figure><\/div>\n","protected":false},"excerpt":{"rendered":"<p>A Associa\u00e7\u00e3o Ibero-Americana CTS na Educa\u00e7\u00e3o em Ci\u00eancia informa, com profundo pesar, o falecimento de&nbsp;Jos\u00e9 de Pinho Alves Filho, Professor Titular da Universidade Federal de Santa Catarina (UFSC), ocorrido no dia 20.12.2022. Ao amigo, colega, associado n.\u00ba 165 e grande&hellip; <\/p>\n","protected":false},"author":1,"featured_media":6642,"comment_status":"open","ping_status":"open","sticky":false,"template":"","format":"standard","meta":{"footnotes":""},"categories":[2,3],"tags":[],"class_list":["post-6636","post","type-post","status-publish","format-standard","has-post-thumbnail","hentry","category-aia-cts","category-associados"],"_links":{"self":[{"href":"http:\/\/aia-cts.web.ua.pt\/index.php?rest_route=\/wp\/v2\/posts\/6636","targetHints":{"allow":["GET"]}}],"collection":[{"href":"http:\/\/aia-cts.web.ua.pt\/index.php?rest_route=\/wp\/v2\/posts"}],"about":[{"href":"http:\/\/aia-cts.web.ua.pt\/index.php?rest_route=\/wp\/v2\/types\/post"}],"author":[{"embeddable":true,"href":"http:\/\/aia-cts.web.ua.pt\/index.php?rest_route=\/wp\/v2\/users\/1"}],"replies":[{"embeddable":true,"href":"http:\/\/aia-cts.web.ua.pt\/index.php?rest_route=%2Fwp%2Fv2%2Fcomments&post=6636"}],"version-history":[{"count":3,"href":"http:\/\/aia-cts.web.ua.pt\/index.php?rest_route=\/wp\/v2\/posts\/6636\/revisions"}],"predecessor-version":[{"id":6651,"href":"http:\/\/aia-cts.web.ua.pt\/index.php?rest_route=\/wp\/v2\/posts\/6636\/revisions\/6651"}],"wp:featuredmedia":[{"embeddable":true,"href":"http:\/\/aia-cts.web.ua.pt\/index.php?rest_route=\/wp\/v2\/media\/6642"}],"wp:attachment":[{"href":"http:\/\/aia-cts.web.ua.pt\/index.php?rest_route=%2Fwp%2Fv2%2Fmedia&parent=6636"}],"wp:term":[{"taxonomy":"category","embeddable":true,"href":"http:\/\/aia-cts.web.ua.pt\/index.php?rest_route=%2Fwp%2Fv2%2Fcategories&post=6636"},{"taxonomy":"post_tag","embeddable":true,"href":"http:\/\/aia-cts.web.ua.pt\/index.php?rest_route=%2Fwp%2Fv2%2Ftags&post=6636"}],"curies":[{"name":"wp","href":"https:\/\/api.w.org\/{rel}","templated":true}]}}