{"id":7078,"date":"2023-09-27T11:40:29","date_gmt":"2023-09-27T10:40:29","guid":{"rendered":"https:\/\/aia-cts.web.ua.pt\/?p=7078"},"modified":"2023-09-27T11:41:47","modified_gmt":"2023-09-27T10:41:47","slug":"submissoes-abertas-ix-seminario-ibero-americano-cts-xiii-seminario-cts-desafios-da-educacao-cts-e-objetivos-da-agenda-2030","status":"publish","type":"post","link":"https:\/\/aia-cts.web.ua.pt\/?p=7078","title":{"rendered":"[submiss\u00f5es abertas] IX Semin\u00e1rio Ibero-Americano CTS &#038; XIII Semin\u00e1rio CTS | Desafios da Educa\u00e7\u00e3o CTS e Objetivos da Agenda 2030"},"content":{"rendered":"\n<h3 class=\"wp-block-heading\"><strong>8 &#8211; 10 julho, 2024 | Complexo Pedag\u00f3gico, Universidade de Aveiro, Aveiro (Portugal)<\/strong><\/h3>\n\n\n\n<p>Ter\u00e1 lugar na Universidade de Aveiro, Portugal, entre os dias 8 e 10 de julho de 2024, o <a rel=\"noreferrer noopener\" href=\"https:\/\/cts.eventqualia.net\/pt\/2024\/inicio\" target=\"_blank\">IX Semin\u00e1rio Ibero-Americano CTS &amp; XIII Semin\u00e1rio CTS<\/a> (IX SIACTS), subordinado ao tema \u201cDesafios da Educa\u00e7\u00e3o CTS e Objetivos da Agenda 2030\u201d.<\/p>\n\n\n\n<p>Ao tema geral associam-se cinco Linhas Tem\u00e1ticas, que ser\u00e3o o mote para a submiss\u00e3o de trabalhos: (1) Forma\u00e7\u00e3o de professores para a educa\u00e7\u00e3o CTS, (2) Educa\u00e7\u00e3o CTS nos curr\u00edculos, (3) Balan\u00e7o da educa\u00e7\u00e3o CTS para a Sustentabilidade, (4) Rela\u00e7\u00e3o entre educa\u00e7\u00e3o CTS e STEAM, e (5) Educa\u00e7\u00e3o CTS para a inclus\u00e3o.<\/p>\n\n\n\n<p>Pretende apresentar-se como um espa\u00e7o para debate acad\u00e9mico sobre o campo de investiga\u00e7\u00e3o das rela\u00e7\u00f5es Ci\u00eancia-Tecnologia-Sociedade no ensino das Ci\u00eancias, centrando-se no incentivo ao debate, \u00e0 investiga\u00e7\u00e3o e \u00e0 inova\u00e7\u00e3o como forma de alcan\u00e7ar uma educa\u00e7\u00e3o em ci\u00eancias de qualidade.<\/p>\n\n\n\n<p>Dirigido a investigadores e estudantes de P\u00f3s-Gradua\u00e7\u00e3o, que desenvolvem investiga\u00e7\u00e3o na na \u00e1rea da educa\u00e7\u00e3o CTS, propicia a consolida\u00e7\u00e3o de estudos e pesquisas no campo e o interc\u00e2mbio cient\u00edfico favorecido pela proximidade das l\u00ednguas ibero-americanas.<\/p>\n\n\n\n<p>As submiss\u00f5es ao&nbsp;<a href=\"https:\/\/cts.eventqualia.net\/pt\/2024\/inicio\">IX SIACTS<\/a> estar\u00e3o abertas at\u00e9<strong>&nbsp;20 de outubro de 2023<\/strong>.<\/p>\n\n\n\n<p>As normas para&nbsp;<a rel=\"noreferrer noopener\" href=\"https:\/\/cts.eventqualia.net\/pt\/2024\/inicio\/resumos\/normas-de-submiss%C3%A3o\/\" target=\"_blank\">submiss\u00e3o<\/a>&nbsp;de trabalhos,&nbsp;<a rel=\"noreferrer noopener\" href=\"https:\/\/cts.eventqualia.net\/pt\/2024\/inicio\/datas-importantes\/\" target=\"_blank\">datas importantes<\/a>&nbsp;e outras informa\u00e7\u00f5es \u00fateis, encontram-se j\u00e1 dispon\u00edveis na&nbsp;<a rel=\"noreferrer noopener\" href=\"https:\/\/cts.eventqualia.net\/pt\/2024\/inicio\/\" target=\"_blank\">p\u00e1gina do evento<\/a>.<\/p>\n\n\n\n<p>Pode ir acompanhando as not\u00edcias em <a href=\"https:\/\/cts.eventqualia.net\/pt\/2024\/inicio\">https:\/\/cts.eventqualia.net\/pt\/2024\/inicio<\/a><\/p>\n\n\n\n<figure class=\"wp-block-image size-large\"><a href=\"http:\/\/aia-cts.web.ua.pt\/wp-content\/uploads\/2023\/04\/IX-SIACTS_logo_cores.png\" target=\"_blank\" rel=\"noopener\"><img loading=\"lazy\" decoding=\"async\" width=\"1024\" height=\"326\" src=\"http:\/\/aia-cts.web.ua.pt\/wp-content\/uploads\/2023\/04\/IX-SIACTS_logo_cores-1024x326.png\" alt=\"\" class=\"wp-image-6901\" srcset=\"https:\/\/aia-cts.web.ua.pt\/wp-content\/uploads\/2023\/04\/IX-SIACTS_logo_cores-1024x326.png 1024w, https:\/\/aia-cts.web.ua.pt\/wp-content\/uploads\/2023\/04\/IX-SIACTS_logo_cores-300x96.png 300w, https:\/\/aia-cts.web.ua.pt\/wp-content\/uploads\/2023\/04\/IX-SIACTS_logo_cores-768x245.png 768w, https:\/\/aia-cts.web.ua.pt\/wp-content\/uploads\/2023\/04\/IX-SIACTS_logo_cores-600x191.png 600w, https:\/\/aia-cts.web.ua.pt\/wp-content\/uploads\/2023\/04\/IX-SIACTS_logo_cores-1536x489.png 1536w, https:\/\/aia-cts.web.ua.pt\/wp-content\/uploads\/2023\/04\/IX-SIACTS_logo_cores-2048x653.png 2048w\" sizes=\"auto, (max-width: 1024px) 100vw, 1024px\" \/><\/a><\/figure>\n","protected":false},"excerpt":{"rendered":"<p>8 &#8211; 10 julho, 2024 | Complexo Pedag\u00f3gico, Universidade de Aveiro, Aveiro (Portugal) Ter\u00e1 lugar na Universidade de Aveiro, Portugal, entre os dias 8 e 10 de julho de 2024, o IX Semin\u00e1rio Ibero-Americano CTS &amp; XIII Semin\u00e1rio CTS (IX&hellip; <\/p>\n","protected":false},"author":1,"featured_media":6907,"comment_status":"open","ping_status":"open","sticky":false,"template":"","format":"standard","meta":{"footnotes":""},"categories":[2],"tags":[],"class_list":["post-7078","post","type-post","status-publish","format-standard","has-post-thumbnail","hentry","category-aia-cts"],"_links":{"self":[{"href":"https:\/\/aia-cts.web.ua.pt\/index.php?rest_route=\/wp\/v2\/posts\/7078","targetHints":{"allow":["GET"]}}],"collection":[{"href":"https:\/\/aia-cts.web.ua.pt\/index.php?rest_route=\/wp\/v2\/posts"}],"about":[{"href":"https:\/\/aia-cts.web.ua.pt\/index.php?rest_route=\/wp\/v2\/types\/post"}],"author":[{"embeddable":true,"href":"https:\/\/aia-cts.web.ua.pt\/index.php?rest_route=\/wp\/v2\/users\/1"}],"replies":[{"embeddable":true,"href":"https:\/\/aia-cts.web.ua.pt\/index.php?rest_route=%2Fwp%2Fv2%2Fcomments&post=7078"}],"version-history":[{"count":2,"href":"https:\/\/aia-cts.web.ua.pt\/index.php?rest_route=\/wp\/v2\/posts\/7078\/revisions"}],"predecessor-version":[{"id":7087,"href":"https:\/\/aia-cts.web.ua.pt\/index.php?rest_route=\/wp\/v2\/posts\/7078\/revisions\/7087"}],"wp:featuredmedia":[{"embeddable":true,"href":"https:\/\/aia-cts.web.ua.pt\/index.php?rest_route=\/wp\/v2\/media\/6907"}],"wp:attachment":[{"href":"https:\/\/aia-cts.web.ua.pt\/index.php?rest_route=%2Fwp%2Fv2%2Fmedia&parent=7078"}],"wp:term":[{"taxonomy":"category","embeddable":true,"href":"https:\/\/aia-cts.web.ua.pt\/index.php?rest_route=%2Fwp%2Fv2%2Fcategories&post=7078"},{"taxonomy":"post_tag","embeddable":true,"href":"https:\/\/aia-cts.web.ua.pt\/index.php?rest_route=%2Fwp%2Fv2%2Ftags&post=7078"}],"curies":[{"name":"wp","href":"https:\/\/api.w.org\/{rel}","templated":true}]}}