{"id":8270,"date":"2025-09-30T12:04:35","date_gmt":"2025-09-30T11:04:35","guid":{"rendered":"https:\/\/aia-cts.web.ua.pt\/?p=8270"},"modified":"2026-03-17T09:26:46","modified_gmt":"2026-03-17T09:26:46","slug":"x-seminario-ibero-americano-cts-xiv-seminario-cts","status":"publish","type":"post","link":"https:\/\/aia-cts.web.ua.pt\/?p=8270","title":{"rendered":"X Semin\u00e1rio Ibero-Americano CTS &amp; XIV Semin\u00e1rio CTS"},"content":{"rendered":"\n<h4 class=\"wp-block-heading\">22 &#8211; 24 julho 2026 | Bogot\u00e1<\/h4>\n\n\n\n<p>De 22 a 24 de julho de 2026, Bogot\u00e1 ser\u00e1 o palco do X Semin\u00e1rio Ibero-Americano CTS e do XIV Semin\u00e1rio CTS.<\/p>\n\n\n\n<p>Tal como anunciado na \u00faltima assembleia geral da AIA-CTS (https:\/\/aia-cts.web.ua.pt\/), que se realizou em Aveiro em julho de 2024, o semin\u00e1rio CTS, que se realiza a cada dois anos desde 2000, consolidou- se como um espa\u00e7o de di\u00e1logo interdisciplinar, promovendo a troca de experi\u00eancias e o fortalecimento das redes acad\u00e9micas ibero-americanas.<\/p>\n\n\n\n<p>A realiza\u00e7\u00e3o na Universidade Pedag\u00f3gica Nacional, com a coordena\u00e7\u00e3o geral de Yair Porras, refor\u00e7a o papel da Col\u00f4mbia como um dos polos de reflex\u00e3o cr\u00edtica e produ\u00e7\u00e3o de conhecimento. A tem\u00e1tica e a programa\u00e7\u00e3o detalhada ser\u00e1 divulgada em breve. O encontro promete ser um momento de partilha de todos os que queiram contribuir para o fortalecimento deste campo de investiga\u00e7\u00e3o, forma\u00e7\u00e3o e inova\u00e7\u00e3o.<\/p>\n\n\n\n<p>Contamos com a presen\u00e7a de todos.<\/p>\n","protected":false},"excerpt":{"rendered":"<p>22 &#8211; 24 julho 2026 | Bogot\u00e1 De 22 a 24 de julho de 2026, Bogot\u00e1 ser\u00e1 o palco do X Semin\u00e1rio Ibero-Americano CTS e do XIV Semin\u00e1rio CTS. Tal como anunciado na \u00faltima assembleia geral da AIA-CTS (https:\/\/aia-cts.web.ua.pt\/), que&hellip; <\/p>\n","protected":false},"author":1,"featured_media":8276,"comment_status":"open","ping_status":"open","sticky":false,"template":"","format":"standard","meta":{"footnotes":""},"categories":[2],"tags":[],"class_list":["post-8270","post","type-post","status-publish","format-standard","has-post-thumbnail","hentry","category-aia-cts"],"_links":{"self":[{"href":"https:\/\/aia-cts.web.ua.pt\/index.php?rest_route=\/wp\/v2\/posts\/8270","targetHints":{"allow":["GET"]}}],"collection":[{"href":"https:\/\/aia-cts.web.ua.pt\/index.php?rest_route=\/wp\/v2\/posts"}],"about":[{"href":"https:\/\/aia-cts.web.ua.pt\/index.php?rest_route=\/wp\/v2\/types\/post"}],"author":[{"embeddable":true,"href":"https:\/\/aia-cts.web.ua.pt\/index.php?rest_route=\/wp\/v2\/users\/1"}],"replies":[{"embeddable":true,"href":"https:\/\/aia-cts.web.ua.pt\/index.php?rest_route=%2Fwp%2Fv2%2Fcomments&post=8270"}],"version-history":[{"count":4,"href":"https:\/\/aia-cts.web.ua.pt\/index.php?rest_route=\/wp\/v2\/posts\/8270\/revisions"}],"predecessor-version":[{"id":8870,"href":"https:\/\/aia-cts.web.ua.pt\/index.php?rest_route=\/wp\/v2\/posts\/8270\/revisions\/8870"}],"wp:featuredmedia":[{"embeddable":true,"href":"https:\/\/aia-cts.web.ua.pt\/index.php?rest_route=\/wp\/v2\/media\/8276"}],"wp:attachment":[{"href":"https:\/\/aia-cts.web.ua.pt\/index.php?rest_route=%2Fwp%2Fv2%2Fmedia&parent=8270"}],"wp:term":[{"taxonomy":"category","embeddable":true,"href":"https:\/\/aia-cts.web.ua.pt\/index.php?rest_route=%2Fwp%2Fv2%2Fcategories&post=8270"},{"taxonomy":"post_tag","embeddable":true,"href":"https:\/\/aia-cts.web.ua.pt\/index.php?rest_route=%2Fwp%2Fv2%2Ftags&post=8270"}],"curies":[{"name":"wp","href":"https:\/\/api.w.org\/{rel}","templated":true}]}}